{"id":14357,"date":"2023-08-10T15:36:32","date_gmt":"2023-08-10T13:36:32","guid":{"rendered":"https:\/\/www.visamundi.co\/?p=14357"},"modified":"2023-08-10T15:36:32","modified_gmt":"2023-08-10T13:36:32","slug":"mali-stellt-aus-reziprozitat-die-visumerteilung-an-frankophone-ein","status":"publish","type":"post","link":"https:\/\/www.visamundi.co\/de\/blog\/le-mali-suspend-la-delivrance-de-visas-aux-francais-par-reciprocite\/","title":{"rendered":"Mali stellt auf Gegenseitigkeit die Ausstellung von Visa f\u00fcr Franzosen ein"},"content":{"rendered":"<p>Mali k\u00fcndigte am Donnerstag, den 10. August, die <strong>Aussetzung der Visaerteilung f\u00fcr franz\u00f6sische Staatsangeh\u00f6rige<\/strong> durch seine konsularischen Dienste. Diese Entscheidung folgt auf die k\u00fcrzliche Einstufung des gesamten malischen Staatsgebiets in die rote Zone durch die franz\u00f6sischen Beh\u00f6rden, die Reisenden ausdr\u00fccklich von Reisen dorthin abrieten.<!--more--><\/p>\n<h2>Eine angespannte Situation zwischen den beiden L\u00e4ndern<\/h2>\n<p>Das malische Au\u00dfenministerium behauptet, das Prinzip der Gegenseitigkeit zu bekr\u00e4ftigen und<em> \"bedauert die einseitige franz\u00f6sische Ma\u00dfnahme\"<\/em>. Der Quai d'Orsay best\u00e4tigte jedoch nicht, dass er die Ausstellung von Visa an Malier ausgesetzt hatte. Die angespannte Lage zwischen den beiden L\u00e4ndern ist auch eine Folge des Entf\u00fchrungsrisikos und der allgemeinen Unsicherheit in Mali sowie der Ausbreitung des Dschihadismus in der Region.<\/p>\n<h3>Die franz\u00f6sische Klassifizierung von Gefahrenzonen<\/h3>\n<p>Zuvor befand sich die Hauptstadt Malis in der orangen Zone, d. h. in einem Gebiet, von dem nur aus zwingenden Gr\u00fcnden abgeraten wird, w\u00e4hrend der Rest des Landes in der roten Zone lag. Die franz\u00f6sische Entscheidung, ganz Mali in die rote Zone zu versetzen, wurde daher vom malischen Au\u00dfenministerium als \u00dcberraschung empfunden.<\/p>\n<h2>Auswirkungen auf die Beziehungen zwischen Frankreich und Mali<\/h2>\n<p>Die gegenseitige Aussetzung der Visaerteilung an Staatsangeh\u00f6rige beider L\u00e4nder durch ihre jeweiligen Konsulate in Bamako und Paris zeugt von einer <strong>Verschlechterung der bilateralen und regionalen Beziehungen<\/strong> zwischen Frankreich und Mali. Dies k\u00f6nnte sich auf die gemeinsamen Sicherheitsbem\u00fchungen auswirken, insbesondere im Kampf gegen den dschihadistischen Terrorismus in der Region.<\/p>\n<h3>Eine wesentliche milit\u00e4rische und sicherheitspolitische Zusammenarbeit<\/h3>\n<p>Die franz\u00f6sischen Streitkr\u00e4fte waren seit 2013 in Mali pr\u00e4sent, um die malischen Beh\u00f6rden bei ihrem Kampf gegen die terroristischen Gruppen, die den Norden des Landes kontrollierten, zu unterst\u00fctzen. Die von Frankreich gef\u00fchrte Operation Barkhane wird auch in anderen L\u00e4ndern der Sahelzone, u. a. im Tschad, eingesetzt, um gegen lokale dschihadistische Gruppen vorzugehen.<\/p>\n<p>Dar\u00fcber hinaus beteiligte sich Frankreich aktiv an der Ausbildung der malischen Armee, um ihre F\u00e4higkeit zu verbessern, die Sicherheit auf ihrem Territorium zu gew\u00e4hrleisten und terroristische Gruppen zu bek\u00e4mpfen.<\/p>","protected":false},"excerpt":{"rendered":"<p>Mali gab am Donnerstag, den 10. August, bekannt, dass seine konsularischen Dienste die Ausstellung von Visa f\u00fcr franz\u00f6sische Staatsb\u00fcrger eingestellt haben. Diese Entscheidung folgte auf die k\u00fcrzliche Einstufung des gesamten malischen Staatsgebiets in die rote Zone durch die franz\u00f6sischen Beh\u00f6rden, die Reisenden ausdr\u00fccklich von einer Reise dorthin abrieten.<\/p>","protected":false},"author":1,"featured_media":0,"comment_status":"closed","ping_status":"closed","sticky":false,"template":"","format":"standard","meta":{"_acf_changed":false,"_sitemap_exclude":false,"_sitemap_priority":"","_sitemap_frequency":"","footnotes":""},"categories":[23],"tags":[125],"class_list":["post-14357","post","type-post","status-publish","format-standard","hentry","category-afrique","tag-mali"],"acf":[],"_links":{"self":[{"href":"https:\/\/www.visamundi.co\/de\/wp-json\/wp\/v2\/posts\/14357","targetHints":{"allow":["GET"]}}],"collection":[{"href":"https:\/\/www.visamundi.co\/de\/wp-json\/wp\/v2\/posts"}],"about":[{"href":"https:\/\/www.visamundi.co\/de\/wp-json\/wp\/v2\/types\/post"}],"author":[{"embeddable":true,"href":"https:\/\/www.visamundi.co\/de\/wp-json\/wp\/v2\/users\/1"}],"replies":[{"embeddable":true,"href":"https:\/\/www.visamundi.co\/de\/wp-json\/wp\/v2\/comments?post=14357"}],"version-history":[{"count":0,"href":"https:\/\/www.visamundi.co\/de\/wp-json\/wp\/v2\/posts\/14357\/revisions"}],"wp:attachment":[{"href":"https:\/\/www.visamundi.co\/de\/wp-json\/wp\/v2\/media?parent=14357"}],"wp:term":[{"taxonomy":"category","embeddable":true,"href":"https:\/\/www.visamundi.co\/de\/wp-json\/wp\/v2\/categories?post=14357"},{"taxonomy":"post_tag","embeddable":true,"href":"https:\/\/www.visamundi.co\/de\/wp-json\/wp\/v2\/tags?post=14357"}],"curies":[{"name":"wp","href":"https:\/\/api.w.org\/{rel}","templated":true}]}}