{"id":18901,"date":"2024-05-10T15:45:56","date_gmt":"2024-05-10T13:45:56","guid":{"rendered":"https:\/\/www.visamundi.co\/?p=18901"},"modified":"2024-05-10T15:45:56","modified_gmt":"2024-05-10T13:45:56","slug":"ausnahme-marokko-aserbaidschan","status":"publish","type":"post","link":"https:\/\/www.visamundi.co\/de\/blog\/exemption-maroc-azerbaidjan\/","title":{"rendered":"Abkommen \u00fcber die Befreiung von der Visumpflicht zwischen Marokko und Aserbaidschan"},"content":{"rendered":"<p>In einem Schritt hin zu einer verst\u00e4rkten Zusammenarbeit haben Maroc\ud83c\uddf2\ud83c\udde6 und Azerba\u00efdjan\ud83c\udde6\ud83c\uddff ein Abkommen \u00fcber die Zusammenarbeit zwischen den beiden Organisationen unterzeichnet.<strong>Visafreiheit<\/strong> f\u00fcr Inhaber gew\u00f6hnlicher Reisep\u00e4sse nur f\u00fcr touristische Zwecke. Diese vielversprechende Vereinbarung wurde am Rande des <em>15. Gipfeltreffen der Islamischen Konferenz<\/em> in Banjul und veranschaulichte damit die positive Entwicklung der bilateralen Beziehungen zwischen diesen beiden Nationen.<!--more--><\/p>\n<p>Die B\u00fcrger beider L\u00e4nder werden nun die M\u00f6glichkeit haben, die jeweils andere Nation ohne gr\u00f6\u00dfere Einschr\u00e4nkungen zu besuchen, was zweifellos einen bereichernden kulturellen Austausch und vielf\u00e4ltige wirtschaftliche Interaktionen f\u00f6rdern wird.<\/p>\n<div class=\"entry-content-asset\">\n<blockquote class=\"twitter-tweet\" data-width=\"550\" data-dnt=\"true\">\n<p lang=\"fr\" dir=\"ltr\">Der Wachstumstrend (fast eine Verdoppelung im Vergleich zum Jahr 2023) der touristischen Einreisen aus Marokko nach Aserbaidschan setzt sich im April 2024 fort. <a href=\"https:\/\/t.co\/hDYyp8Y2dP\">pic.twitter.com\/hDYyp8Y2dP<\/a><\/p>\n<p>- Nazim Samadov (@NazimSamadov) <a href=\"https:\/\/twitter.com\/NazimSamadov\/status\/1787579680087818708?ref_src=twsrc%5Etfw\">May 6, 2024<\/a><\/p><\/blockquote>\n<p><script async src=\"https:\/\/platform.twitter.com\/widgets.js\" charset=\"utf-8\"><\/script><\/div>\n<p>Bei der 2. Sitzung der <em>Gemischte Kommission<\/em> im November 2023 haben die beiden L\u00e4nder besprochen, die bilaterale Zusammenarbeit im Tourismussektor weiter zu f\u00f6rdern, insbesondere durch die Einf\u00fchrung von Direktfl\u00fcgen und die Vereinfachung der Visaerteilung. Dies ist nun geschehen.<\/p>\n<p>\" <em>Diese Bem\u00fchungen wurden durch eine Vielzahl von gegenseitigen Besuchen von Regierungsbeamten, Gesch\u00e4ftsleuten und Wirtschaftsbeteiligten sowie Vertretern aus Kultur und Sport konkretisiert.<\/em> \", erkl\u00e4rt der aserbaidschanische Botschafter in Rabat, <strong>Nazim Samadov<\/strong>.<\/p>\n<h2>Die Folgen einer sicheren Ann\u00e4herung<\/h2>\n<p>Seit Ende letzten Jahres und einigen gro\u00dfen Handelsank\u00fcndigungen haben die beiden L\u00e4nder ihren Austausch vervielfacht:<\/p>\n<ul>\n<li>Unterzeichnung mehrerer Abkommen und Absichtserkl\u00e4rungen in verschiedenen Bereichen auf der 2. Sitzung des Gemischten Kooperationsausschusses im November 2023, was den Willen beider L\u00e4nder zur Vertiefung ihrer Beziehungen verdeutlicht.<\/li>\n<li>Unterzeichnung einer Absichtserkl\u00e4rung zwischen der marokkanischen Agentur f\u00fcr Investitions- und Exportentwicklung (AMDIE) und ihrem aserbaidschanischen Pendant Azpromo mit dem Ziel, eine Partnerschaft aufzubauen und die Zusammenarbeit im Bereich der Investitionen zu entwickeln.<\/li>\n<li>Unterzeichnung eines Memorandums zwischen der marokkanischen KMU-Agentur Marokko, der aserbaidschanischen Agentur KOBIA und AMDIE zur F\u00f6rderung der Handels- und Investitionskooperation zwischen den KMU der beiden L\u00e4nder.<\/li>\n<li>Gespr\u00e4che \u00fcber die Aussichten f\u00fcr den Aufbau einer Dreieckskooperation, an der beide L\u00e4nder und afrikanische Partnerl\u00e4nder beteiligt sind, im Rahmen der auf Afrika und die S\u00fcd-S\u00fcd-Kooperation ausgerichteten Au\u00dfenpolitik Marokkos.<\/li>\n<li><a href=\"https:\/\/fr.hespress.com\/339169-les-relations-entre-le-maroc-et-lazerbaidjan-promises-a-de-bonnes-perspectives.html#google_vignette\">\u00dcbereinstimmende Ansichten \u00fcber die Wahrung der Souver\u00e4nit\u00e4t und territorialen Integrit\u00e4t der Staaten, die als wesentlicher Punkt f\u00fcr die Aufrechterhaltung von Frieden und Stabilit\u00e4t in ihren jeweiligen Regionen angesehen wird.<\/a><\/li>\n<\/ul>","protected":false},"excerpt":{"rendered":"<p>Im Rahmen einer verst\u00e4rkten Zusammenarbeit haben Marokko\ud83c\uddf2\ud83c\udde6 und Aserbaidschan\ud83c\udde6\ud83c\uddff einen Schritt nach vorne gemacht, indem sie ein Abkommen \u00fcber die Befreiung von der Visumpflicht f\u00fcr Inhaber gew\u00f6hnlicher P\u00e4sse ausschlie\u00dflich f\u00fcr den Tourismus unterzeichnet haben. Dieses vielversprechende Abkommen wurde am Rande des 15. Gipfeltreffens der Islamischen Konferenz in Banjul besiegelt und verdeutlicht damit die positive Entwicklung der Beziehungen\u2026 <a title=\"Abkommen zwischen Marokko und Aserbaidschan \u00fcber die Befreiung von der Visumpflicht\" class=\"read-more\" href=\"https:\/\/www.visamundi.co\/de\/blog\/exemption-maroc-azerbaidjan\/\" aria-label=\"Mehr Informationen \u00fcber Abkommen zwischen Marokko und Aserbaidschan \u00fcber die Befreiung von der Visumpflicht\">Lesen Sie den Artikel<\/a><\/p>","protected":false},"author":1,"featured_media":0,"comment_status":"open","ping_status":"closed","sticky":false,"template":"","format":"standard","meta":{"_acf_changed":false,"_sitemap_exclude":false,"_sitemap_priority":"","_sitemap_frequency":"","footnotes":""},"categories":[23],"tags":[82,54],"class_list":["post-18901","post","type-post","status-publish","format-standard","hentry","category-afrique","tag-azerbaidjan","tag-maroc"],"acf":[],"_links":{"self":[{"href":"https:\/\/www.visamundi.co\/de\/wp-json\/wp\/v2\/posts\/18901","targetHints":{"allow":["GET"]}}],"collection":[{"href":"https:\/\/www.visamundi.co\/de\/wp-json\/wp\/v2\/posts"}],"about":[{"href":"https:\/\/www.visamundi.co\/de\/wp-json\/wp\/v2\/types\/post"}],"author":[{"embeddable":true,"href":"https:\/\/www.visamundi.co\/de\/wp-json\/wp\/v2\/users\/1"}],"replies":[{"embeddable":true,"href":"https:\/\/www.visamundi.co\/de\/wp-json\/wp\/v2\/comments?post=18901"}],"version-history":[{"count":0,"href":"https:\/\/www.visamundi.co\/de\/wp-json\/wp\/v2\/posts\/18901\/revisions"}],"wp:attachment":[{"href":"https:\/\/www.visamundi.co\/de\/wp-json\/wp\/v2\/media?parent=18901"}],"wp:term":[{"taxonomy":"category","embeddable":true,"href":"https:\/\/www.visamundi.co\/de\/wp-json\/wp\/v2\/categories?post=18901"},{"taxonomy":"post_tag","embeddable":true,"href":"https:\/\/www.visamundi.co\/de\/wp-json\/wp\/v2\/tags?post=18901"}],"curies":[{"name":"wp","href":"https:\/\/api.w.org\/{rel}","templated":true}]}}