{"id":7019227,"date":"2024-10-24T10:17:50","date_gmt":"2024-10-24T08:17:50","guid":{"rendered":"https:\/\/www.visamundi.co\/?p=7019227"},"modified":"2024-10-24T10:18:47","modified_gmt":"2024-10-24T08:18:47","slug":"frankreich-fuhrt-ab-dem-1-november-wieder-grenzkontrollen-ein","status":"publish","type":"post","link":"https:\/\/www.visamundi.co\/de\/blog\/la-france-reinstaure-le-controle-aux-frontieres-a-partir-du-1er-novembre\/","title":{"rendered":"Frankreich f\u00fchrt ab dem 1. November wieder Grenzkontrollen ein."},"content":{"rendered":"<p>Frankreich beschlie\u00dft, ab dem 1. November 2024 wieder Grenzkontrollen an den Grenzen zu seinen Nachbarn im Schengen-Raum einzuf\u00fchren. <strong>Dieser R\u00fcckschritt wird sich bis Ende April 2025 erstrecken.<\/strong> <em>Warum diese Wende?<\/em> Die innere Sicherheit steht im Mittelpunkt dieser Entscheidung. Die franz\u00f6sischen Beh\u00f6rden verweisen auf ernsthafte Bedrohungen wie Terrorismus und irregul\u00e4re Einwanderung, die diese Ma\u00dfnahmen rechtfertigen.<\/p>\n\n\n\n<p>Die Kontrollen werden nicht systematisch, sondern nach dem Zufallsprinzip durchgef\u00fchrt. Das bedeutet, dass nicht jeder durch die Kontrollen gehen wird, aber Verz\u00f6gerungen werden unvermeidlich sein. Insbesondere diejenigen, die auf der Stra\u00dfe oder mit dem Zug aus L\u00e4ndern wie Deutschland oder Frankreich anreisen, m\u00fcssen mit Verz\u00f6gerungen rechnen. <strong>Belgien<\/strong>, DER <strong>Luxemburg<\/strong> oder die<strong>Italien<\/strong> m\u00fcssen sich in Geduld \u00fcben. Reisende in den Z\u00fcgen <em>Eurostar<\/em> k\u00f6nnten auch mit l\u00e4ngeren Wartezeiten bei Passkontrollen rechnen.<\/p>\n\n\n\n<p>F\u00fcr Nicht-Schengen-Touristen, wie z.B. die <strong>Briten<\/strong>Dies k\u00f6nnte zu endlosen Warteschlangen und einer weniger angenehmen Reiseerfahrung f\u00fchren. Dies k\u00f6nnte einige davon abhalten, Frankreich w\u00e4hrend dieser Zeit zu besuchen.<\/p>\n\n\n\n<figure class=\"wp-block-pullquote\"><blockquote><p>Die Reaktionen lie\u00dfen nicht lange auf sich warten. Der luxemburgische Premierminister <strong>Luc Frieden<\/strong>In Gespr\u00e4chen mit Emmanuel Macron und Olaf Scholz nahm er kein Blatt vor den Mund und bezeichnete die Kontrollen als eine \"schlechte Idee\".<\/p><\/blockquote><\/figure>\n\n\n\n<p>Trotz der Kritik kann die Europ\u00e4ische Kommission diese Entscheidung nicht blockieren, besteht aber darauf, dass diese Ma\u00dfnahmen verh\u00e4ltnism\u00e4\u00dfig und zeitlich begrenzt sein m\u00fcssen.<\/p>\n\n\n\n<p>Diese franz\u00f6sische Initiative kommt zu einer Zeit, in der <a href=\"https:\/\/www.visamundi.co\/de\/blog\/3-europaische-lander-hinken-bei-der-einfuhrung-von-lees-hinterher-erneut-verschoben\/\">Die Europ\u00e4ische Union verschob den Start ihres Einreise-\/Ausreisesystems (EES), der urspr\u00fcnglich f\u00fcr den 10. November 2024 geplant war.<\/a>. Dieses System sollte die Kontrollen f\u00fcr nichteurop\u00e4ische B\u00fcrger, die in den Schengen-Raum einreisen, automatisieren. Aufgrund technischer Probleme und mangelnder Vorbereitung wurde die Umsetzung jedoch verz\u00f6gert.<\/p>\n\n\n\n<h2 class=\"wp-block-heading\">Auswirkungen auf die Reisebranche?<\/h2>\n\n\n\n<p>Die Reisebranche wird sich anpassen m\u00fcssen. Fluggesellschaften, Bus- und Bahnunternehmen werden wahrscheinlich ihre Fahrpl\u00e4ne anpassen m\u00fcssen, um die l\u00e4ngeren Grenz\u00fcbertrittszeiten zu ber\u00fccksichtigen. Dies k\u00f6nnte sich negativ auf den Tourismus in Frankreich auswirken, ein Sektor, der bereits durch die Pandemie geschw\u00e4cht ist.<\/p>\n\n\n\n<p>Migrationsexperten sind skeptisch hinsichtlich der tats\u00e4chlichen Wirksamkeit dieser Ma\u00dfnahmen zur Reduzierung der Migrationsstr\u00f6me. <a href=\"https:\/\/www.europarl.europa.eu\/RegData\/etudes\/STUD\/2016\/578974\/IPOL_STU(2016)578974_EN.pdf\" rel=\"nofollow\">Studien zeigen, dass Abschreckungsma\u00dfnahmen wenig Einfluss auf die tats\u00e4chliche Zahl der Ank\u00fcnfte in den europ\u00e4ischen L\u00e4ndern haben.<\/a>. Derzeit m\u00fcssen keine zus\u00e4tzlichen Dokumente ausgef\u00fcllt werden.<\/p>\n\n\n\n<figure class=\"wp-block-table\"><table class=\"has-gray-lighter-background-color has-background has-fixed-layout\"><tbody><tr><td><strong>Inspiriert von Deutschland?<br><\/strong>Seit dem 16. September 2024 hat Deutschland auch Kontrollen an allen Landgrenzen eingef\u00fchrt, einschlie\u00dflich der Grenzen zu Frankreich, Luxemburg, den Niederlanden, Belgien und D\u00e4nemark aus denselben Gr\u00fcnden. Die Kontrollen sollen sechs Monate bis zum 15. M\u00e4rz 2025 dauern.<\/td><\/tr><\/tbody><\/table><\/figure>","protected":false},"excerpt":{"rendered":"<p>Frankreich beschlie\u00dft, ab dem 1. November 2024 wieder Grenzkontrollen an den Grenzen zu seinen Nachbarn im Schengen-Raum einzuf\u00fchren. Dieser R\u00fcckschritt wird bis Ende April 2025 andauern. Warum diese Wende? Die innere Sicherheit steht im Mittelpunkt dieser Entscheidung. Die franz\u00f6sischen Beh\u00f6rden verweisen auf ernsthafte Bedrohungen wie ... <a title=\"Frankreich f\u00fchrt ab dem 1. November wieder Grenzkontrollen ein.\" class=\"read-more\" href=\"https:\/\/www.visamundi.co\/de\/blog\/la-france-reinstaure-le-controle-aux-frontieres-a-partir-du-1er-novembre\/\" aria-label=\"Mehr Informationen \u00fcber Frankreich f\u00fchrt ab dem 1. November wieder Grenzkontrollen ein.\">Lesen Sie den Artikel<\/a><\/p>","protected":false},"author":1,"featured_media":0,"comment_status":"open","ping_status":"closed","sticky":false,"template":"","format":"standard","meta":{"_acf_changed":false,"_sitemap_exclude":false,"_sitemap_priority":"","_sitemap_frequency":"","footnotes":""},"categories":[25],"tags":[47],"class_list":["post-7019227","post","type-post","status-publish","format-standard","hentry","category-europe","tag-france"],"acf":[],"_links":{"self":[{"href":"https:\/\/www.visamundi.co\/de\/wp-json\/wp\/v2\/posts\/7019227","targetHints":{"allow":["GET"]}}],"collection":[{"href":"https:\/\/www.visamundi.co\/de\/wp-json\/wp\/v2\/posts"}],"about":[{"href":"https:\/\/www.visamundi.co\/de\/wp-json\/wp\/v2\/types\/post"}],"author":[{"embeddable":true,"href":"https:\/\/www.visamundi.co\/de\/wp-json\/wp\/v2\/users\/1"}],"replies":[{"embeddable":true,"href":"https:\/\/www.visamundi.co\/de\/wp-json\/wp\/v2\/comments?post=7019227"}],"version-history":[{"count":4,"href":"https:\/\/www.visamundi.co\/de\/wp-json\/wp\/v2\/posts\/7019227\/revisions"}],"predecessor-version":[{"id":7019232,"href":"https:\/\/www.visamundi.co\/de\/wp-json\/wp\/v2\/posts\/7019227\/revisions\/7019232"}],"wp:attachment":[{"href":"https:\/\/www.visamundi.co\/de\/wp-json\/wp\/v2\/media?parent=7019227"}],"wp:term":[{"taxonomy":"category","embeddable":true,"href":"https:\/\/www.visamundi.co\/de\/wp-json\/wp\/v2\/categories?post=7019227"},{"taxonomy":"post_tag","embeddable":true,"href":"https:\/\/www.visamundi.co\/de\/wp-json\/wp\/v2\/tags?post=7019227"}],"curies":[{"name":"wp","href":"https:\/\/api.w.org\/{rel}","templated":true}]}}