{"id":7019389,"date":"2024-12-12T15:58:07","date_gmt":"2024-12-12T14:58:07","guid":{"rendered":"https:\/\/www.visamundi.co\/?p=7019389"},"modified":"2024-12-12T15:58:38","modified_gmt":"2024-12-12T14:58:38","slug":"bald-eine-allgemeine-touristensteuer-auf-den-kanarischen-inseln","status":"publish","type":"post","link":"https:\/\/www.visamundi.co\/de\/blog\/bientot-une-taxe-touristique-generalisee-aux-iles-canaries\/","title":{"rendered":"Bald eine allgemeine Touristensteuer auf den Kanarischen Inseln?"},"content":{"rendered":"<p>Die Stadtverwaltung von <strong>Mog\u00e1n<\/strong>, 93 Kilometer von Las Palmas auf Gran Canaria entfernt, hat die Einf\u00fchrung einer Touristensteuer ab Januar 2025 angek\u00fcndigt. Eine Premiere auf dem spanischen Archipel, die viele Nachahmer finden k\u00f6nnte.<\/p>\n\n\n\n<p>Wie hoch ist der Betrag? Ein bescheidener Betrag von <strong>15 Eurocent pro Person und Tag<\/strong>. Das bedeutet, dass es im Vergleich zu den Steuern, die in Barcelona oder auf den Balearen erhoben werden, nur ein Bruchteil ist. Aber t\u00e4uschen Sie sich nicht: Diese Entscheidung ist alles andere als harmlos.<\/p>\n\n\n\n<h2 class=\"wp-block-heading\">Warum jetzt?<\/h2>\n\n\n\n<figure class=\"wp-block-pullquote\"><blockquote><p>Es ist der \u00dcberdruss \u00fcber die zus\u00e4tzlichen wirtschaftlichen Anstrengungen, die die lokale Verwaltung unternehmen muss, um die Dienstleistungen, die \u00f6ffentlichen R\u00e4ume und die touristische Infrastruktur in einem optimalen Zustand zu halten. Ganz zu schweigen von der Notwendigkeit, neue Einrichtungen zu schaffen, um wettbewerbsf\u00e4hig zu bleiben.<\/p><cite>Die B\u00fcrgermeisterin von Mog\u00e1n, Onalia Bueno<\/cite><\/blockquote><\/figure>\n\n\n\n<p>Der Lebensnerv ist nat\u00fcrlich Geld. <strong>Die Stadtverwaltung sch\u00e4tzt die Einnahmeverluste durch den Touristenstrom auf 2,7 Millionen Euro.<\/strong>. Eine gro\u00dfe Summe f\u00fcr eine kleine Stadt mit 20.000 Einwohnern, deren Bev\u00f6lkerung in der Hochsaison um fast 45% ansteigt.<\/p>\n\n\n\n<figure class=\"wp-block-embed is-type-video is-provider-youtube wp-block-embed-youtube wp-embed-aspect-16-9 wp-has-aspect-ratio\"><div class=\"wp-block-embed__wrapper\">\n<div class=\"entry-content-asset\"><iframe title=\"CANARIES \ud83c\uddea\ud83c\uddf8 PUERTO MOGAN: Ich besuche ein typisch spanisches Dorf in den Bergen.\" width=\"1156\" height=\"650\" src=\"https:\/\/www.youtube.com\/embed\/Dc3RibSgoCE?feature=oembed\" frameborder=\"0\" allow=\"accelerometer; autoplay; clipboard-write; encrypted-media; gyroscope; picture-in-picture; web-share\" referrerpolicy=\"strict-origin-when-cross-origin\" allowfullscreen><\/iframe><\/div>\n<\/div><\/figure>\n\n\n\n<p><\/p>\n\n\n\n<h2 class=\"wp-block-heading\">Wer wird die Rechnung bezahlen?<\/h2>\n\n\n\n<p>\u00dcberraschung: alle! Im Gegensatz zu anderen Reisezielen, die nur auf ausl\u00e4ndische Besucher ausgerichtet sind, wird die Steuer in Mog\u00e1n f\u00fcr alle Touristen gelten, <span style=\"text-decoration: underline;\">ob sie vom Festland oder den benachbarten Inseln kommen<\/span>. Eine Entscheidung, die einige lokale Z\u00e4hne knirschen lassen k\u00f6nnte.<\/p>\n\n\n\n<p>Die Eigent\u00fcmer von touristischen Unterk\u00fcnften m\u00fcssen die Steuer einziehen und alle sechs Monate an die Stadtverwaltung abf\u00fchren. F\u00fcr Hoteliers und Vermieter von m\u00f6blierten Unterk\u00fcnften bedeutet dies eine Menge administrativer Kopfschmerzen.<\/p>\n\n\n\n<h2 class=\"wp-block-heading\">Ein Dominoeffekt?<\/h2>\n\n\n\n<p>Die Frage, die allen auf den N\u00e4geln brennt : <em>Wird Mog\u00e1n von anderen kanarischen Gemeinden \u00fcbernommen? <\/em>Im Moment ist nichts weniger sicher. Aber es wurde ein Pr\u00e4zedenzfall geschaffen, der Nachahmer finden k\u00f6nnte.<\/p>\n\n\n\n<p>Der Tourismus ist f\u00fcr die Wirtschaft des Archipels von gro\u00dfer Bedeutung: <strong>35,5% des BIP im Jahr 2023, d.h. fast 20 Milliarden Euro<\/strong>. Ein Geldsegen, der nicht immer den Gemeinden zugute kommt, die die Besucher empfangen.<\/p>\n\n\n\n<h3 class=\"wp-block-heading\">Das rechtliche Kopfzerbrechen<\/h3>\n\n\n\n<p>Die spanischen Gemeinden sind nicht befugt, eine Kurtaxe zu erheben. Mog\u00e1n musste daher eine List anwenden, indem er den Beitrag als Geb\u00fchr f\u00fcr lokale Dienstleistungen einstufte. Ein juristischer Trick, der m\u00f6glicherweise angefochten wird.<\/p>\n\n\n\n<figure class=\"wp-block-table\"><table class=\"has-gray-lighter-background-color has-background has-fixed-layout\"><tbody><tr><td><strong>Zahlen, die zum Nachdenken anregen :<br><\/strong>- 375.828: die durchschnittliche Anzahl von Touristen, die die Kanarischen Inseln pro Monat im Jahr 2024 besuchten.<br>- 3,8%: die Zunahme der Fahrgastzahlen im Vergleich zu 2023<br>- 494.149: Besucherrekord im M\u00e4rz 2024 erreicht<\/td><\/tr><\/tbody><\/table><\/figure>\n\n\n\n<p><em>Diese Zahlen zeugen von einer wachsenden Attraktivit\u00e4t des Archipels. Aber wie lange wird die Infrastruktur noch mithalten k\u00f6nnen?<\/em><\/p>\n\n\n\n<h3 class=\"wp-block-heading\">Das Gespenst des \u00dcbertourismus<\/h3>\n\n\n\n<p>Hinter dieser Entscheidung steht eine wachsende Besorgnis: die <strong>Surftourismus<\/strong>. Sporadische Proteste gegen den Zustrom von Besuchern werden in Spanien immer h\u00e4ufiger, und die Kanarischen Inseln sind keine Ausnahme.<\/p>\n\n\n\n<p>Die Mog\u00e1n-Steuer wird als Mittel zur Finanzierung eines nachhaltigeren Tourismus angepriesen. Aber wird sie ausreichen, um die Spannungen zwischen Einheimischen und Urlaubern abzubauen?<\/p>\n\n\n\n<figure class=\"wp-block-pullquote\"><blockquote><p>Valencia hat bereits den Schritt gewagt und eine Steuer zwischen 0,50 und 2 Euro pro Nacht eingef\u00fchrt. Die Liste der europ\u00e4ischen St\u00e4dte, die bis 2025 einen Tourismusbeitrag einf\u00fchren wollen, wird immer l\u00e4nger.<\/p><\/blockquote><\/figure>\n\n\n\n<p>F\u00fcr die kanarischen B\u00fcrgermeister ist die Gleichung komplex. Wie k\u00f6nnen sie die Attraktivit\u00e4t ihres Reiseziels erhalten und gleichzeitig eine harmonische Entwicklung sicherstellen? Die Tourismusabgabe scheint eine attraktive L\u00f6sung zu sein, aber sie birgt auch Risiken.<\/p>","protected":false},"excerpt":{"rendered":"<p>Die Gemeinde Mog\u00e1n, 93 Kilometer von Las Palmas auf Gran Canaria entfernt, hat die Einf\u00fchrung einer Touristensteuer ab Januar 2025 angek\u00fcndigt. Eine Premiere auf dem spanischen Archipel, die Nachahmer finden k\u00f6nnte. Wie hoch ist der Betrag? Eine bescheidene Summe von 15 Eurocent pro Person und Tag. Das ist so viel wie ... <a title=\"Bald eine allgemeine Touristensteuer auf den Kanarischen Inseln?\" class=\"read-more\" href=\"https:\/\/www.visamundi.co\/de\/blog\/bientot-une-taxe-touristique-generalisee-aux-iles-canaries\/\" aria-label=\"Mehr Informationen \u00fcber Bald eine allgemeine Touristensteuer auf den Kanarischen Inseln?\">Lesen Sie den Artikel<\/a><\/p>","protected":false},"author":1,"featured_media":7019390,"comment_status":"open","ping_status":"closed","sticky":false,"template":"","format":"standard","meta":{"_acf_changed":false,"_sitemap_exclude":false,"_sitemap_priority":"","_sitemap_frequency":"","footnotes":""},"categories":[25],"tags":[66],"class_list":["post-7019389","post","type-post","status-publish","format-standard","has-post-thumbnail","hentry","category-europe","tag-espagne"],"acf":[],"_links":{"self":[{"href":"https:\/\/www.visamundi.co\/de\/wp-json\/wp\/v2\/posts\/7019389","targetHints":{"allow":["GET"]}}],"collection":[{"href":"https:\/\/www.visamundi.co\/de\/wp-json\/wp\/v2\/posts"}],"about":[{"href":"https:\/\/www.visamundi.co\/de\/wp-json\/wp\/v2\/types\/post"}],"author":[{"embeddable":true,"href":"https:\/\/www.visamundi.co\/de\/wp-json\/wp\/v2\/users\/1"}],"replies":[{"embeddable":true,"href":"https:\/\/www.visamundi.co\/de\/wp-json\/wp\/v2\/comments?post=7019389"}],"version-history":[{"count":4,"href":"https:\/\/www.visamundi.co\/de\/wp-json\/wp\/v2\/posts\/7019389\/revisions"}],"predecessor-version":[{"id":7019395,"href":"https:\/\/www.visamundi.co\/de\/wp-json\/wp\/v2\/posts\/7019389\/revisions\/7019395"}],"wp:featuredmedia":[{"embeddable":true,"href":"https:\/\/www.visamundi.co\/de\/wp-json\/wp\/v2\/media\/7019390"}],"wp:attachment":[{"href":"https:\/\/www.visamundi.co\/de\/wp-json\/wp\/v2\/media?parent=7019389"}],"wp:term":[{"taxonomy":"category","embeddable":true,"href":"https:\/\/www.visamundi.co\/de\/wp-json\/wp\/v2\/categories?post=7019389"},{"taxonomy":"post_tag","embeddable":true,"href":"https:\/\/www.visamundi.co\/de\/wp-json\/wp\/v2\/tags?post=7019389"}],"curies":[{"name":"wp","href":"https:\/\/api.w.org\/{rel}","templated":true}]}}