{"id":7020875,"date":"2025-07-21T15:22:42","date_gmt":"2025-07-21T13:22:42","guid":{"rendered":"https:\/\/www.visamundi.co\/?p=7020875"},"modified":"2025-07-21T15:22:54","modified_gmt":"2025-07-21T13:22:54","slug":"die-europaische-union-vereinfacht-die-beantragung-von-schengen-visa-fur-turken","status":"publish","type":"post","link":"https:\/\/www.visamundi.co\/de\/blog\/lunion-europeenne-simplifie-lobtention-de-visas-schengen-pour-les-turcs\/","title":{"rendered":"Die Europ\u00e4ische Union vereinfacht Schengen-Visa f\u00fcr T\u00fcrken"},"content":{"rendered":"<p>Die Europ\u00e4ische Kommission hat den EU-Mitgliedstaaten einen neuen Rahmen zur Verf\u00fcgung gestellt, mit dem Ziel <strong>Vereinfachung und Beschleunigung der Schengen-Visaverfahren f\u00fcr t\u00fcrkische Staatsb\u00fcrger<\/strong>Diese Ank\u00fcndigung wurde am 18. Juli vom t\u00fcrkischen Handelsminister Omer Bolat gemacht. Dies ist eine wichtige Entscheidung, nachdem t\u00fcrkische B\u00fcrger jahrelang Schwierigkeiten hatten, diese Visa zu erhalten.<\/p>\n\n\n\n<figure class=\"wp-block-embed is-type-rich is-provider-twitter wp-block-embed-twitter\"><div class=\"wp-block-embed__wrapper\">\n<div class=\"entry-content-asset\"><blockquote class=\"twitter-tweet\" data-width=\"550\" data-dnt=\"true\"><p lang=\"tr\" dir=\"ltr\">T\u00fcrk Vatanda\u015flar\u0131na \u00c7ok Giri\u015fli Schengen Vizesi Al\u0131m\u0131nda Kolayl\u0131k Sa\u011flanmas\u0131na Y\u00f6nelik AB Komisyonun \"C(2025) 4694\" Say\u0131l\u0131 Karar\u0131 Hakk\u0131nda Bas\u0131n A\u00e7\u0131klamas\u0131<br><br>(18.07.2025) <a href=\"https:\/\/t.co\/YJshFZ7v8s\">pic.twitter.com\/YJshFZ7v8s<\/a><\/p>- T.C. Ticaret Bakanl\u0131\u011f\u0131 (@ticaret) <a href=\"https:\/\/twitter.com\/ticaret\/status\/1946194182554464573?ref_src=twsrc%5Etfw\">July 18, 2025<\/a><\/blockquote><script async src=\"https:\/\/platform.twitter.com\/widgets.js\" charset=\"utf-8\"><\/script><\/div>\n<\/div><\/figure>\n\n\n\n<h2 class=\"wp-block-heading\">Ein progressives System f\u00fcr langfristige Visa<\/h2>\n\n\n\n<p>Das neue Verfahren f\u00fchrt einen <strong>progressives System<\/strong> die es t\u00fcrkischen B\u00fcrgern erm\u00f6glicht, langfristige Schengen-Visa f\u00fcr die mehrfache Einreise zu erhalten. Minister Bolat sagte, dass Antragsteller, die bereits Visa besessen haben, regelm\u00e4\u00dfig in die EU gereist sind und ohne Versto\u00df in die T\u00fcrkei zur\u00fcckgekehrt sind, von immer l\u00e4ngeren Visa profitieren k\u00f6nnen: <strong>zun\u00e4chst bis zu sechs Monaten, dann ein Jahr, zwei Jahre und in sp\u00e4teren Phasen m\u00f6glicherweise bis zu drei und f\u00fcnf Jahre.<\/strong>. Das t\u00fcrkische Au\u00dfenministerium begr\u00fc\u00dfte den Durchf\u00fchrungsbeschluss vom 15. Juli 2025 als eine Verbesserung des Schengen-Visa-Systems.<\/p>\n\n\n\n<p>Minister Bolat erkannte die <strong>Anhaltende Schwierigkeiten<\/strong> die t\u00fcrkische B\u00fcrger, insbesondere Studenten, Akademiker, Gesch\u00e4ftsleute und Fachleute wie Ingenieure und Techniker, zu bew\u00e4ltigen haben, und betonte die Auswirkungen der restriktiven Praktiken der letzten Jahre. Ankara hat dieses Thema immer wieder gegen\u00fcber den EU-Beh\u00f6rden angesprochen, auch w\u00e4hrend der letzten Runde des hochrangigen Wirtschaftsdialogs zwischen der T\u00fcrkei und der EU, die am 1. Juli in Ankara stattfand. Bei diesen Gespr\u00e4chen k\u00fcndigten die Vertreter der Europ\u00e4ischen Kommission die Vorbereitung dieses neuen Mechanismus an.<\/p>\n\n\n\n<figure class=\"wp-block-embed is-type-rich is-provider-twitter wp-block-embed-twitter\"><div class=\"wp-block-embed__wrapper\">\n<div class=\"entry-content-asset\"><blockquote class=\"twitter-tweet\" data-width=\"550\" data-dnt=\"true\"><p lang=\"en\" dir=\"ltr\">We held the second meeting of the T\u00fcrkiye-European Union High-Level Trade Dialogue in Ankara together with H.E. Maro\u0161 \u0160ef\u010dovi\u010d, Executive Vice President of the European Commission and Commissioner for Trade and Economic Security. <br><br>W\u00e4hrend des Treffens bekr\u00e4ftigten wir unsere gemeinsame... <a href=\"https:\/\/t.co\/5az7jYDs3N\">pic.twitter.com\/5az7jYDs3N<\/a><\/p>- Prof. Dr. \u00d6mer Bolat (@omerbolatTR) <a href=\"https:\/\/twitter.com\/omerbolatTR\/status\/1940036458917540329?ref_src=twsrc%5Etfw\">July 1, 2025<\/a><\/blockquote><script async src=\"https:\/\/platform.twitter.com\/widgets.js\" charset=\"utf-8\"><\/script><\/div>\n<\/div><\/figure>\n\n\n\n<h2 class=\"wp-block-heading\">Ein Impuls f\u00fcr Tourismus und Handel<\/h2>\n\n\n\n<p>Diese Reform ist Teil eines umfassenderen Ansatzes der EU, um <strong>Wiederbelebung der Nachfrage nach Reisen nach der Pandemie<\/strong> und den Schengen-Raum offener und attraktiver zu machen. Die offiziellen Daten der Europ\u00e4ischen Kommission zeigen eine <strong>Anstieg der Visaantr\u00e4ge um 13,6 % und der Besucherank\u00fcnfte in Europa um 18 % bis Anfang 2025<\/strong>. Im Jahr 2024 wurden mehr als 9,7 Millionen Schengen-Visa erteilt, von denen mehr als die H\u00e4lfte Mehrfachvisa waren, und die Ablehnungsquote sank von 16 % im Jahr 2023 auf 14,8 % im Jahr 2024.<\/p>\n\n\n\n<p>Die T\u00fcrkei geh\u00f6rt zu den Hauptantragstellern, mit <strong>1.173.917 Bewerbungen im Jahr 2024<\/strong>. Insbesondere wurden mehr als <strong>993.000 t\u00fcrkische Antr\u00e4ge wurden mit einer Erfolgsquote von 85 % genehmigt %<\/strong>. Das Visum soll das Vertrauen st\u00e4rken und Europa zu einem bevorzugten Reiseziel f\u00fcr Touristen und Gesch\u00e4ftsreisende machen. Die Reformen werden als besonders attraktiv f\u00fcr Studenten, digitale Nomaden und Gesch\u00e4ftsreisende angesehen.<\/p>\n\n\n\n<p>Die Entscheidung l\u00f6ste in den Online-Diskussionsforen gemischte Reaktionen aus. Einige begr\u00fc\u00dften die Entscheidung als eine <strong>\"ausgezeichnete Nachrichten\"<\/strong> und betonten die <strong>\"L\u00e4cherliche\" Ablehnung<\/strong> die zuvor von qualifizierten Fachleuten und Akademikern erlebt wurden. <a href=\"https:\/\/www.reddit.com\/r\/europe\/comments\/1m3uowk\/eu_eases_schengen_visa_rules_for_turks_envoy\/?tl=fr\">Andere \u00e4u\u00dferten jedoch Zweifel und meinten, dass die T\u00fcrkei sich nicht ausreichend in Europa integriert oder sich sogar von Europa entfernt.<\/a>. Es gab auch Stimmen, die den \"Rassismus\" hinter der restriktiven Visapolitik anprangerten. Ein Standpunkt betonte, dass fr\u00fchere Ablehnungen t\u00fcrkische B\u00fcrger nicht daran hinderten, sich weiterhin f\u00fcr Kurzreisen zu bewerben.<\/p>\n\n\n\n<p>Trotz dieser Differenzen bekr\u00e4ftigte der t\u00fcrkische Au\u00dfenminister die Bereitschaft der T\u00fcrkei, ihre Bem\u00fchungen mit den europ\u00e4ischen Institutionen fortzusetzen, um das Verfahren f\u00fcr die Beantragung von Schengen-Visa zu verbessern.<\/p>\n\n\n\n<figure class=\"wp-block-image size-large\"><img decoding=\"async\" width=\"1024\" height=\"408\" src=\"https:\/\/www.visamundi.co\/wp-content\/uploads\/2025\/07\/Screenshot-2025-07-21-at-15.15.21-1024x408.jpg\" alt=\"\" class=\"wp-image-7020879\" srcset=\"https:\/\/www.visamundi.co\/wp-content\/uploads\/2025\/07\/Screenshot-2025-07-21-at-15.15.21-1024x408.jpg 1024w, https:\/\/www.visamundi.co\/wp-content\/uploads\/2025\/07\/Screenshot-2025-07-21-at-15.15.21-300x120.jpg 300w, https:\/\/www.visamundi.co\/wp-content\/uploads\/2025\/07\/Screenshot-2025-07-21-at-15.15.21-768x306.jpg 768w, https:\/\/www.visamundi.co\/wp-content\/uploads\/2025\/07\/Screenshot-2025-07-21-at-15.15.21-18x7.jpg 18w, https:\/\/www.visamundi.co\/wp-content\/uploads\/2025\/07\/Screenshot-2025-07-21-at-15.15.21.jpg 1234w\" sizes=\"(max-width: 1024px) 100vw, 1024px\" \/><figcaption class=\"wp-element-caption\"><a href=\"https:\/\/www.mfa.gov.tr\/no_-149_-ab-komisyonu-nun-vatandaslarimiza-yonelik-schengen-vizesi-uygulamalarina-dair-karari-hk.fr.mfa\">Die t\u00fcrkische Botschaft in Frankreich begr\u00fc\u00dfte die Initiative.<\/a><\/figcaption><\/figure>\n\n\n\n<h2 class=\"wp-block-heading\">Ein breiterer Kontext von Visaerleichterungen<\/h2>\n\n\n\n<p>Diese Erleichterungen f\u00fcr die T\u00fcrkei sind Teil eines allgemeinen Trends. Die EU hat auch Visaerleichterungsabkommen mit folgenden L\u00e4ndern unterzeichnet <strong>13 andere L\u00e4nder f\u00fcr Kurzaufenthalte<\/strong>Diese L\u00e4nder, darunter Albanien, Armenien, Aserbaidschan, Belarus, Bosnien und Herzegowina, Kap Verde, Georgien, Moldawien, Montenegro, Nordmazedonien, Serbien und die Ukraine, bieten niedrigere Geb\u00fchren und eine schnellere Bearbeitung. <\/p>\n\n\n\n<p>Dar\u00fcber hinaus schlugen Griechenland und Italien die Einrichtung eines <strong>einheitliches Schengen-Visum<\/strong> um das Reisen zwischen mehreren EU-L\u00e4ndern mit einem einzigen F\u00fchrerschein zu erleichtern, eine Idee, die gro\u00dfe Unterst\u00fctzung fand.<\/p>\n\n\n\n<p><a href=\"https:\/\/www.visamundi.co\/de\/blog\/bulgarien-rumanien-schengen-raum\/\">Mit der vollst\u00e4ndigen Integration von Bulgarien und Rum\u00e4nien in den Schengen-Raum am 1. Januar 2025<\/a>Mit der Erweiterung des Schengen-Raums auf 29 L\u00e4nder und der Vorbereitung Zyperns auf einen k\u00fcnftigen Beitritt strebt der Schengen-Raum an, zu einem der gr\u00f6\u00dften L\u00e4nder der Welt zu werden. <strong>noch offenerer und vernetzterer globaler Korridor<\/strong> f\u00fcr Reisende aus der ganzen Welt.<\/p>","protected":false},"excerpt":{"rendered":"<p>Die Europ\u00e4ische Kommission hat den EU-Mitgliedstaaten einen neuen Rahmen zur Vereinfachung und Beschleunigung der Schengen-Visaverfahren f\u00fcr t\u00fcrkische Staatsb\u00fcrger zur Verf\u00fcgung gestellt. Dies wurde am 18. Juli vom t\u00fcrkischen Handelsminister Omer Bolat angek\u00fcndigt. Dies ist eine wichtige Entscheidung nach Jahren der Herausforderungen f\u00fcr t\u00fcrkische B\u00fcrger ... <a title=\"Die Europ\u00e4ische Union vereinfacht Schengen-Visa f\u00fcr T\u00fcrken\" class=\"read-more\" href=\"https:\/\/www.visamundi.co\/de\/blog\/lunion-europeenne-simplifie-lobtention-de-visas-schengen-pour-les-turcs\/\" aria-label=\"Mehr Informationen \u00fcber EU vereinfacht Schengen-Visa f\u00fcr T\u00fcrken\">Lesen Sie den Artikel<\/a><\/p>","protected":false},"author":1,"featured_media":7020876,"comment_status":"open","ping_status":"closed","sticky":false,"template":"","format":"standard","meta":{"_acf_changed":false,"_sitemap_exclude":false,"_sitemap_priority":"","_sitemap_frequency":"","footnotes":""},"categories":[25],"tags":[26],"class_list":["post-7020875","post","type-post","status-publish","format-standard","has-post-thumbnail","hentry","category-europe","tag-turquie"],"acf":[],"_links":{"self":[{"href":"https:\/\/www.visamundi.co\/de\/wp-json\/wp\/v2\/posts\/7020875","targetHints":{"allow":["GET"]}}],"collection":[{"href":"https:\/\/www.visamundi.co\/de\/wp-json\/wp\/v2\/posts"}],"about":[{"href":"https:\/\/www.visamundi.co\/de\/wp-json\/wp\/v2\/types\/post"}],"author":[{"embeddable":true,"href":"https:\/\/www.visamundi.co\/de\/wp-json\/wp\/v2\/users\/1"}],"replies":[{"embeddable":true,"href":"https:\/\/www.visamundi.co\/de\/wp-json\/wp\/v2\/comments?post=7020875"}],"version-history":[{"count":2,"href":"https:\/\/www.visamundi.co\/de\/wp-json\/wp\/v2\/posts\/7020875\/revisions"}],"predecessor-version":[{"id":7020881,"href":"https:\/\/www.visamundi.co\/de\/wp-json\/wp\/v2\/posts\/7020875\/revisions\/7020881"}],"wp:featuredmedia":[{"embeddable":true,"href":"https:\/\/www.visamundi.co\/de\/wp-json\/wp\/v2\/media\/7020876"}],"wp:attachment":[{"href":"https:\/\/www.visamundi.co\/de\/wp-json\/wp\/v2\/media?parent=7020875"}],"wp:term":[{"taxonomy":"category","embeddable":true,"href":"https:\/\/www.visamundi.co\/de\/wp-json\/wp\/v2\/categories?post=7020875"},{"taxonomy":"post_tag","embeddable":true,"href":"https:\/\/www.visamundi.co\/de\/wp-json\/wp\/v2\/tags?post=7020875"}],"curies":[{"name":"wp","href":"https:\/\/api.w.org\/{rel}","templated":true}]}}