{"id":7494,"date":"2022-09-07T08:00:39","date_gmt":"2022-09-07T06:00:39","guid":{"rendered":"https:\/\/www.visamundi.fr\/?p=7494"},"modified":"2022-09-07T08:00:39","modified_gmt":"2022-09-07T06:00:39","slug":"visamundi-wird-auf-der-iftm-2022-ausstellen","status":"publish","type":"post","link":"https:\/\/www.visamundi.co\/de\/blog\/visamundi-sera-present-au-salon-iftm-2022\/","title":{"rendered":"Visamundi wird auf der IFTM 2022 vertreten sein"},"content":{"rendered":"<p>Visamundi wird auch in diesem Jahr wieder im Start-Up Village der IFTM Top Resa vertreten sein.<!--more--><\/p>\n<p><img decoding=\"async\" class=\"alignright wp-image-7496\" src=\"https:\/\/www.visamundi.co\/wp-content\/uploads\/2022\/09\/logoIFTM22-Sponsor-coul-300x186.png\" alt=\"\" width=\"252\" height=\"156\" \/>Der IFTM ist eine der gr\u00f6\u00dften Fachmessen f\u00fcr Tourismus und Reisen. Sie findet in Paris - Porte de Versailles statt. <strong>vom 20. bis 22. September 2022\u00a0<\/strong><\/p>\n<p>Nach unserer Erfahrung im letzten Jahr, als wir beim Start-Up Contest unter vielen anderen talentierten Start-ups den dritten Platz belegt hatten, nehmen wir auch 2022 wieder mit gro\u00dfer Begeisterung teil.<\/p>\n<p>Wir sind an allen drei Tagen auf der Messe vertreten und Sie k\u00f6nnen uns im Start-Up Village in Halle 1, Gang C, Stand 82 (wieder)entdecken. In unseren neuen Farben freuen wir uns darauf, mit Ihnen einen geselligen Moment zu verbringen und Ihnen unsere Neuheiten vorzustellen!<\/p>\n<p>Unter diesen freuen wir uns darauf, Ihnen unsere neue Marke vorzustellen: <strong>Nomamundi.<\/strong> \"Noma\" f\u00fcr Nomaden, \"Mundi\" f\u00fcr unsere Unterschrift. Nomamundi hilft n\u00e4mlich digitalen Nomaden, ein Telearbeitsvisum zu erhalten! Egal, ob Sie Freiberufler oder Arbeitnehmer sind, unser Team unterst\u00fctzt Sie bei den administrativen Formalit\u00e4ten, damit Sie sich f\u00fcr 6 Monate bis zu einem Jahr in einem unserer 6 Traumziele im Ausland niederlassen k\u00f6nnen.<\/p>\n<p><img decoding=\"async\" class=\"aligncenter wp-image-7613 size-medium\" src=\"https:\/\/www.visamundi.co\/wp-content\/uploads\/2022\/09\/Logo_Nomamundi_Couleurs-300x78.png\" alt=\"\" width=\"300\" height=\"78\" \/><\/p>","protected":false},"excerpt":{"rendered":"<p>Visamundi wird auch in diesem Jahr wieder im Start-Up Village der IFTM Top Resa vertreten sein.<\/p>","protected":false},"author":1,"featured_media":0,"comment_status":"closed","ping_status":"closed","sticky":false,"template":"","format":"standard","meta":{"_acf_changed":false,"_sitemap_exclude":false,"_sitemap_priority":"","_sitemap_frequency":"","footnotes":""},"categories":[35],"tags":[],"class_list":["post-7494","post","type-post","status-publish","format-standard","hentry","category-corporate"],"acf":[],"_links":{"self":[{"href":"https:\/\/www.visamundi.co\/de\/wp-json\/wp\/v2\/posts\/7494","targetHints":{"allow":["GET"]}}],"collection":[{"href":"https:\/\/www.visamundi.co\/de\/wp-json\/wp\/v2\/posts"}],"about":[{"href":"https:\/\/www.visamundi.co\/de\/wp-json\/wp\/v2\/types\/post"}],"author":[{"embeddable":true,"href":"https:\/\/www.visamundi.co\/de\/wp-json\/wp\/v2\/users\/1"}],"replies":[{"embeddable":true,"href":"https:\/\/www.visamundi.co\/de\/wp-json\/wp\/v2\/comments?post=7494"}],"version-history":[{"count":0,"href":"https:\/\/www.visamundi.co\/de\/wp-json\/wp\/v2\/posts\/7494\/revisions"}],"wp:attachment":[{"href":"https:\/\/www.visamundi.co\/de\/wp-json\/wp\/v2\/media?parent=7494"}],"wp:term":[{"taxonomy":"category","embeddable":true,"href":"https:\/\/www.visamundi.co\/de\/wp-json\/wp\/v2\/categories?post=7494"},{"taxonomy":"post_tag","embeddable":true,"href":"https:\/\/www.visamundi.co\/de\/wp-json\/wp\/v2\/tags?post=7494"}],"curies":[{"name":"wp","href":"https:\/\/api.w.org\/{rel}","templated":true}]}}