{"id":13699,"date":"2023-06-30T10:42:22","date_gmt":"2023-06-30T08:42:22","guid":{"rendered":"https:\/\/www.visamundi.co\/?p=13699"},"modified":"2023-06-30T10:42:22","modified_gmt":"2023-06-30T08:42:22","slug":"bulgaria-rumania-espacio-schengen","status":"publish","type":"post","link":"https:\/\/www.visamundi.co\/es\/blog\/bulgarie-roumanie-espace-schengen\/","title":{"rendered":"Bulgaria y Ruman\u00eda se incorporar\u00e1n al espacio Schengen en 2023"},"content":{"rendered":"<p>La situaci\u00f3n actual en Europa del Este ha impulsado a miles de personas a tomar las carreteras hacia pa\u00edses vecinos como Espa\u00f1a y Portugal. <strong>Moldavia<\/strong> o el <strong>Rumania<\/strong>. Este fuerte \u00e9xodo repercute en <strong>Pa\u00edses balc\u00e1nicos<\/strong>Al mismo tiempo, numerosos exiliados de \u00c1frica, Oriente Pr\u00f3ximo y Oriente Medio atraviesan la regi\u00f3n camino de Europa. Al mismo tiempo, se est\u00e1n reforzando las fronteras exteriores del espacio Schengen, con el despliegue de contingentes adicionales para el cuerpo Frontex, que deber\u00eda alcanzar los 10.000 guardacostas y guardias fronterizos en 2027.<!--more--><\/p>\n<h2>Ampliaci\u00f3n del espacio Schengen: Croacia admitida, Bulgaria y Ruman\u00eda a finales de 2023<\/h2>\n<p>Mientras que el <strong>Croacia<\/strong> se incorpor\u00f3 al espacio europeo de libre circulaci\u00f3n Schengen el 1 de enero de 2023, el <strong>Rumania<\/strong> y el <strong>Bulgaria<\/strong>Por su parte, tuvieron que esperar. El Consejo de la UE, que representa a los pa\u00edses de la Uni\u00f3n, debate un proyecto de ampliaci\u00f3n del espacio Schengen, que permitir\u00eda viajar sin fronteras entre 26 pa\u00edses, la mayor\u00eda miembros de la UE, y que hoy cuenta con 420 millones de habitantes.<\/p>\n<h3>Croacia: adhesi\u00f3n r\u00e1pida al espacio Schengen<\/h3>\n<p><strong>Croacia entr\u00f3 en la UE en 2013<\/strong>Ruman\u00eda y Bulgaria son miembros desde 2007. En pocos meses, Zagreb ha obtenido dos victorias diplom\u00e1ticas: el ingreso en la zona euro como vig\u00e9simo Estado y la entrada en el espacio Schengen. Esta decisi\u00f3n ha suscitado reacciones encontradas, sobre todo por parte de la Comisaria europea Ylva Johansson, que expres\u00f3 su decepci\u00f3n por la negativa de Ruman\u00eda y Bulgaria a incorporarse al espacio Schengen.<\/p>\n<h2>Austria y los Pa\u00edses Bajos se opusieron a la adhesi\u00f3n de Ruman\u00eda y Bulgaria al espacio Schengen<\/h2>\n<p>Seg\u00fan <em><strong>Euractiv<\/strong><\/em>Los controles fronterizos en los aeropuertos rumanos y b\u00falgaros se suprimir\u00e1n en <strong>Octubre<\/strong>mientras que los controles en tierra ya no se realizar\u00e1n desde <strong>Enero de 2024<\/strong>. Seg\u00fan fuentes b\u00falgaras, Bruselas se prepara para integrar a los dos Estados en el espacio sin fronteras en octubre de este a\u00f1o, si demuestran su deseo de continuar con las reformas.<\/p>\n<p><strong>Austria y los Pa\u00edses Bajos se quejan del fracaso del sistema Schengen y rechazan la adhesi\u00f3n de Ruman\u00eda y Bulgaria<\/strong>. Seg\u00fan Viena, estos dos pa\u00edses no cumplen los criterios necesarios para adherirse a este espacio de libre circulaci\u00f3n. La posici\u00f3n de Austria ilustra las dificultades que encuentra la Uni\u00f3n Europea para llegar a un consenso sobre la ampliaci\u00f3n del espacio Schengen y las exigencias vinculadas a la gesti\u00f3n de las fronteras y la seguridad.<\/p>\n<p>A principios de mes, <strong>Nickolay Denkov<\/strong>el Primer Ministro b\u00falgaro, declar\u00f3 que su gabinete seguir\u00eda trabajando para que el tan esperado proceso concluyera a finales de a\u00f1o, lo que supondr\u00eda cambios significativos en la gesti\u00f3n de los controles fronterizos.<\/p>\n<p>Tambi\u00e9n declar\u00f3 que crear\u00eda una \"<em>campa\u00f1a contra la informaci\u00f3n falsa sobre Bulgaria<\/em>\u201c.<\/p>\n<p>En abril de este a\u00f1o, m\u00e1s de 100 grupos de j\u00f3venes de toda Europa pidieron la adhesi\u00f3n de Bulgaria y Ruman\u00eda al espacio Schengen. En la Asamblea General del Foro Europeo de la Juventud (YFJ) celebrada en Bruselas, varias organizaciones, entre ellas el <em>Consejo de la Juventud de Ruman\u00eda<\/em>ha adoptado una moci\u00f3n titulada \"<em>Libertad de circulaci\u00f3n para todos : Ruman\u00eda y Bulgaria en el espacio Schengen<\/em>\u201c.<\/p>\n<h3>\u00bfHacia un nuevo espacio Schengen?<\/h3>\n<p>Ante estas divergencias y los retos actuales, algunos dirigentes europeos piden que se revise el espacio Schengen. El presidente franc\u00e9s, Emmanuel Macron, es uno de los principales defensores de esta idea, reclamando fronteras exteriores m\u00e1s s\u00f3lidas y una mejor cooperaci\u00f3n policial entre los pa\u00edses miembros. La plena interoperabilidad de los sistemas de informaci\u00f3n para la facturaci\u00f3n de pasajeros a\u00e9reos tambi\u00e9n deber\u00eda estar implantada para 2023.<\/p>\n<h2>\u00bfQu\u00e9 repercusiones tendr\u00e1 esto en Bulgaria y Ruman\u00eda?<\/h2>\n<p>Para Bulgaria y Ruman\u00eda, la integraci\u00f3n en el espacio Schengen representa un reto importante en t\u00e9rminos de movilidad e intercambios con otros pa\u00edses miembros. <strong>La adhesi\u00f3n facilitar\u00e1 los viajes y reforzar\u00e1 los lazos econ\u00f3micos y pol\u00edticos dentro de la Uni\u00f3n Europea.<\/strong>. Sin embargo, tambi\u00e9n implicar\u00eda mayores responsabilidades en materia de gesti\u00f3n de fronteras y lucha contra el terrorismo y la delincuencia transfronteriza.<\/p>","protected":false},"excerpt":{"rendered":"<p>La situaci\u00f3n actual en Europa del Este ha impulsado a miles de personas a tomar las carreteras hacia pa\u00edses vecinos como Moldavia y Ruman\u00eda. Este fuerte \u00e9xodo est\u00e1 repercutiendo en los pa\u00edses balc\u00e1nicos, mientras muchos exiliados de \u00c1frica, Oriente Pr\u00f3ximo y Oriente Medio atraviesan la regi\u00f3n camino de Europa. Al mismo tiempo, ... <a title=\"Bulgaria y Ruman\u00eda se incorporar\u00e1n al espacio Schengen en 2023\" class=\"read-more\" href=\"https:\/\/www.visamundi.co\/es\/blog\/bulgarie-roumanie-espace-schengen\/\" aria-label=\"Leer m\u00e1s sobre Bulgaria y Ruman\u00eda se incorporar\u00e1n al espacio Schengen en 2023\">Leer el art\u00edculo<\/a><\/p>","protected":false},"author":1,"featured_media":0,"comment_status":"closed","ping_status":"closed","sticky":false,"template":"","format":"standard","meta":{"_acf_changed":false,"_sitemap_exclude":false,"_sitemap_priority":"","_sitemap_frequency":"","footnotes":""},"categories":[25],"tags":[120,121],"class_list":["post-13699","post","type-post","status-publish","format-standard","hentry","category-europe","tag-bulgarie","tag-roumanie"],"acf":[],"_links":{"self":[{"href":"https:\/\/www.visamundi.co\/es\/wp-json\/wp\/v2\/posts\/13699","targetHints":{"allow":["GET"]}}],"collection":[{"href":"https:\/\/www.visamundi.co\/es\/wp-json\/wp\/v2\/posts"}],"about":[{"href":"https:\/\/www.visamundi.co\/es\/wp-json\/wp\/v2\/types\/post"}],"author":[{"embeddable":true,"href":"https:\/\/www.visamundi.co\/es\/wp-json\/wp\/v2\/users\/1"}],"replies":[{"embeddable":true,"href":"https:\/\/www.visamundi.co\/es\/wp-json\/wp\/v2\/comments?post=13699"}],"version-history":[{"count":0,"href":"https:\/\/www.visamundi.co\/es\/wp-json\/wp\/v2\/posts\/13699\/revisions"}],"wp:attachment":[{"href":"https:\/\/www.visamundi.co\/es\/wp-json\/wp\/v2\/media?parent=13699"}],"wp:term":[{"taxonomy":"category","embeddable":true,"href":"https:\/\/www.visamundi.co\/es\/wp-json\/wp\/v2\/categories?post=13699"},{"taxonomy":"post_tag","embeddable":true,"href":"https:\/\/www.visamundi.co\/es\/wp-json\/wp\/v2\/tags?post=13699"}],"curies":[{"name":"wp","href":"https:\/\/api.w.org\/{rel}","templated":true}]}}