{"id":14292,"date":"2023-08-08T12:10:41","date_gmt":"2023-08-08T10:10:41","guid":{"rendered":"https:\/\/www.visamundi.co\/?p=14292"},"modified":"2023-08-08T12:10:41","modified_gmt":"2023-08-08T10:10:41","slug":"record-de-vuelos-comerciales-el-13-de-julio-de-2023","status":"publish","type":"post","link":"https:\/\/www.visamundi.co\/es\/blog\/record-du-nombre-de-vols-commerciaux-le-13-juillet-2023\/","title":{"rendered":"R\u00e9cord de vuelos comerciales el 13 de julio de 2023"},"content":{"rendered":"<p>Jueves 13 de julio, <strong>El sitio web Flightradar24 ha contabilizado 137.225 vuelos comerciales.<\/strong>Fue el d\u00eda de mayor actividad de la aviaci\u00f3n comercial, superando el r\u00e9cord establecido la semana pasada de 3.000 vuelos. En algunos momentos del d\u00eda, hubo m\u00e1s de 20.000 vuelos operando al mismo tiempo. Hay que se\u00f1alar que esta cifra no incluye los vuelos militares ni algunos vuelos privados.<!--more--><\/p>\n<p>Ir\u00f3nicamente, la semana tambi\u00e9n fue noticia por <strong>el d\u00eda m\u00e1s caluroso jam\u00e1s registrado en la Tierra, con una media de 17,23\u00b0C<\/strong>.<\/p>\n<h2>Se reanuda el tr\u00e1fico a\u00e9reo tras la crisis sanitaria<\/h2>\n<p>Las aerol\u00edneas hab\u00edan visto despegar el n\u00famero de reservas tras la crisis sanitaria. En mayo, estaban cerca de sus niveles anteriores a la crisis, con 96% de pasajeros en el mismo mes de 2019. Pero la recuperaci\u00f3n se sit\u00faa ahora en m\u00e1ximos hist\u00f3ricos. El 13 de julio, el sitio registr\u00f3 m\u00e1s de 137.000 vuelos comerciales <em><strong>Radar de vuelo 24<\/strong><\/em> que realiza un seguimiento diario de estas actividades a\u00e9reas.<\/p>\n<h3>El m\u00e1s transitado por la aviaci\u00f3n comercial<\/h3>\n<p>Fue \"<em>el d\u00eda de mayor actividad para la aviaci\u00f3n comercial que jam\u00e1s hayamos visto<\/em>\", dice en Twitter el sitio web, creado en 2007.<\/p>\n<div class=\"entry-content-asset\">\n<blockquote class=\"twitter-tweet\" data-width=\"550\" data-dnt=\"true\">\n<p lang=\"en\" dir=\"ltr\">13 de julio: otro d\u00eda r\u00e9cord para los vuelos comerciales. Ayer se registraron 137.225 vuelos comerciales, superando el total del jueves pasado de 134.396. <a href=\"https:\/\/t.co\/63POgPdqV4\">pic.twitter.com\/63POgPdqV4<\/a><\/p>\n<p>- Flightradar24 (@flightradar24) <a href=\"https:\/\/twitter.com\/flightradar24\/status\/1679865495112019968?ref_src=twsrc%5Etfw\">14 de julio de 2023<\/a><\/p><\/blockquote>\n<p><script async src=\"https:\/\/platform.twitter.com\/widgets.js\" charset=\"utf-8\"><\/script><\/div>\n<h2>Impacto de esta afluencia en las empresas<\/h2>\n<p>La sobrecarga del tr\u00e1fico a\u00e9reo mundial no deja de tener consecuencias para las compa\u00f1\u00edas a\u00e9reas y los viajeros. <strong>EasyJet ha anunciado que cancelar\u00e1 1.700 vuelos entre julio y septiembre debido a esta sobrecarga.<\/strong>. Otras compa\u00f1\u00edas a\u00e9reas tambi\u00e9n podr\u00edan verse afectadas por esta situaci\u00f3n excepcional, con posibles retrasos y cancelaciones.<\/p>\n<h3>Saturaci\u00f3n del mercado y expectativas de los viajeros<\/h3>\n<p>El mercado est\u00e1 saturado y los viajeros no parecen dispuestos a renunciar a sus desplazamientos. En el <a href=\"https:\/\/www.flightradar24.com\/\">flightradar24.com<\/a>El mapa del mundo est\u00e1 cubierto de una multitud de diminutos puntos luminosos que representan a cada avi\u00f3n en vuelo. El jueves 13 de julio, incluso era dif\u00edcil distinguir las fronteras de algunos pa\u00edses, ya que eran much\u00edsimos.<\/p>\n<figure id=\"attachment_14294\" aria-describedby=\"caption-attachment-14294\" style=\"width: 1910px\" class=\"wp-caption aligncenter\"><img decoding=\"async\" class=\"size-full wp-image-14294\" src=\"https:\/\/www.visamundi.co\/wp-content\/uploads\/2023\/08\/F0cvix2XoAUu3EM.jpg\" alt=\"\" width=\"1920\" height=\"1354\" \/><figcaption id=\"caption-attachment-14294\" class=\"wp-caption-text\">13 de julio de 2023: un d\u00eda ajetreado para FlightRadar24<\/figcaption><\/figure>\n<h2>\u00bfCu\u00e1les son las perspectivas de futuro?<\/h2>\n<p>Con el repunte del tr\u00e1fico a\u00e9reo y el continuo crecimiento del n\u00famero de vuelos, es esencial encontrar soluciones para gestionar esta afluencia. Las innovaciones tecnol\u00f3gicas podr\u00edan mejorar la gesti\u00f3n del tr\u00e1fico y reducir el impacto medioambiental de las emisiones de CO2. Al mismo tiempo, es posible que los viajeros tengan que adaptar sus expectativas y optar por otros modos de transporte cuando sea posible.<\/p>\n<h3>Afrontar los retos medioambientales<\/h3>\n<p>El sector de la aviaci\u00f3n tambi\u00e9n tiene que hacer frente a <strong>grandes retos medioambientales<\/strong>Entre ellos figuran las emisiones de gases de efecto invernadero y la contaminaci\u00f3n ac\u00fastica. Las nuevas tecnolog\u00edas, como los aviones el\u00e9ctricos y los combustibles alternativos, podr\u00edan contribuir a reducir el impacto ecol\u00f3gico del transporte a\u00e9reo. Pero lo cierto es que el crecimiento exponencial del n\u00famero de vuelos hace que estas innovaciones sean a\u00fan m\u00e1s urgentes.<\/p>","protected":false},"excerpt":{"rendered":"<p>El jueves 13 de julio, el sitio web especializado Flightradar24 contabiliz\u00f3 137.225 vuelos comerciales, lo que lo convierte en el d\u00eda de mayor actividad para la aviaci\u00f3n comercial, superando el r\u00e9cord establecido la semana pasada de 3.000 vuelos. En algunos momentos del d\u00eda, hubo m\u00e1s de 20.000 vuelos operando al mismo tiempo. El ... <a title=\"R\u00e9cord de vuelos comerciales el 13 de julio de 2023\" class=\"read-more\" href=\"https:\/\/www.visamundi.co\/es\/blog\/record-du-nombre-de-vols-commerciaux-le-13-juillet-2023\/\" aria-label=\"Leer m\u00e1s sobre R\u00e9cord de vuelos comerciales el 13 de julio de 2023\">Leer el art\u00edculo<\/a><\/p>","protected":false},"author":1,"featured_media":0,"comment_status":"closed","ping_status":"closed","sticky":false,"template":"","format":"standard","meta":{"_acf_changed":false,"_sitemap_exclude":false,"_sitemap_priority":"","_sitemap_frequency":"","footnotes":""},"categories":[36],"tags":[],"class_list":["post-14292","post","type-post","status-publish","format-standard","hentry","category-actualites"],"acf":[],"_links":{"self":[{"href":"https:\/\/www.visamundi.co\/es\/wp-json\/wp\/v2\/posts\/14292","targetHints":{"allow":["GET"]}}],"collection":[{"href":"https:\/\/www.visamundi.co\/es\/wp-json\/wp\/v2\/posts"}],"about":[{"href":"https:\/\/www.visamundi.co\/es\/wp-json\/wp\/v2\/types\/post"}],"author":[{"embeddable":true,"href":"https:\/\/www.visamundi.co\/es\/wp-json\/wp\/v2\/users\/1"}],"replies":[{"embeddable":true,"href":"https:\/\/www.visamundi.co\/es\/wp-json\/wp\/v2\/comments?post=14292"}],"version-history":[{"count":0,"href":"https:\/\/www.visamundi.co\/es\/wp-json\/wp\/v2\/posts\/14292\/revisions"}],"wp:attachment":[{"href":"https:\/\/www.visamundi.co\/es\/wp-json\/wp\/v2\/media?parent=14292"}],"wp:term":[{"taxonomy":"category","embeddable":true,"href":"https:\/\/www.visamundi.co\/es\/wp-json\/wp\/v2\/categories?post=14292"},{"taxonomy":"post_tag","embeddable":true,"href":"https:\/\/www.visamundi.co\/es\/wp-json\/wp\/v2\/tags?post=14292"}],"curies":[{"name":"wp","href":"https:\/\/api.w.org\/{rel}","templated":true}]}}