{"id":14357,"date":"2023-08-10T15:36:32","date_gmt":"2023-08-10T13:36:32","guid":{"rendered":"https:\/\/www.visamundi.co\/?p=14357"},"modified":"2023-08-10T15:36:32","modified_gmt":"2023-08-10T13:36:32","slug":"mali-suspende-la-expedicion-de-visados-a-los-franceses-como-gesto-de-reciprocidad","status":"publish","type":"post","link":"https:\/\/www.visamundi.co\/es\/blog\/le-mali-suspend-la-delivrance-de-visas-aux-francais-par-reciprocite\/","title":{"rendered":"Mal\u00ed suspende la expedici\u00f3n de visados a los franceses como medida de reciprocidad"},"content":{"rendered":"<p>El jueves 10 de agosto, Mal\u00ed anunci\u00f3 la <strong>suspensi\u00f3n de la expedici\u00f3n de visados a nacionales franceses<\/strong> por sus servicios consulares. Esta decisi\u00f3n sigue a la reciente clasificaci\u00f3n de todo Mali como zona roja por parte de las autoridades francesas, que recomendaron formalmente a los viajeros que no acudieran all\u00ed.<!--more--><\/p>\n<h2>Una situaci\u00f3n tensa entre los dos pa\u00edses<\/h2>\n<p>El Ministerio de Asuntos Exteriores de Mal\u00ed afirma hacer valer el principio de reciprocidad y<em> \"lamenta la medida unilateral francesa\".<\/em>. Sin embargo, el Quai d'Orsay no ha confirmado que haya suspendido la expedici\u00f3n de visados a los malienses. La tensa situaci\u00f3n entre ambos pa\u00edses se debe tambi\u00e9n al riesgo de secuestros y a la inseguridad general en Mali, as\u00ed como a la propagaci\u00f3n del yihadismo en la regi\u00f3n.<\/p>\n<h3>Clasificaci\u00f3n francesa de las zonas peligrosas<\/h3>\n<p>Anteriormente, la capital maliense estaba en la zona naranja, un \u00e1rea prohibida a menos que hubiera una raz\u00f3n imperiosa para ello, mientras que el resto del pa\u00eds estaba en la zona roja. La decisi\u00f3n francesa de situar a todo Mal\u00ed en zona roja sorprendi\u00f3 al Ministerio de Asuntos Exteriores maliense.<\/p>\n<h2>Consecuencias para las relaciones entre Francia y Mal\u00ed<\/h2>\n<p>La suspensi\u00f3n rec\u00edproca de la expedici\u00f3n de visados a los nacionales de ambos pa\u00edses por parte de sus respectivos servicios consulares en Bamako y Par\u00eds atestigua un <strong>deterioro de las relaciones bilaterales y regionales<\/strong> entre Francia y Mali. Esta situaci\u00f3n podr\u00eda tener consecuencias para los esfuerzos conjuntos en materia de seguridad, especialmente en la lucha contra el terrorismo yihadista en la regi\u00f3n.<\/p>\n<h3>Cooperaci\u00f3n militar y de seguridad esencial<\/h3>\n<p>Las fuerzas francesas est\u00e1n presentes en Mali desde 2013 para apoyar a las autoridades malienses en su lucha contra los grupos terroristas que controlan el norte del pa\u00eds. La operaci\u00f3n Barkhane, dirigida por Francia, tambi\u00e9n est\u00e1 desplegada en otros pa\u00edses del Sahel, entre ellos Chad, para combatir a los grupos yihadistas locales.<\/p>\n<p>Francia tambi\u00e9n particip\u00f3 activamente en la formaci\u00f3n del ej\u00e9rcito maliense para mejorar su capacidad de proporcionar seguridad en su territorio y combatir a los grupos terroristas.<\/p>","protected":false},"excerpt":{"rendered":"<p>El jueves 10 de agosto, Mali anunci\u00f3 la suspensi\u00f3n de la expedici\u00f3n de visados a ciudadanos franceses por parte de sus servicios consulares. Esta decisi\u00f3n se produce tras la reciente clasificaci\u00f3n de todo Mali como zona roja por parte de las autoridades francesas, que han aconsejado formalmente a los viajeros que no acudan all\u00ed.<\/p>","protected":false},"author":1,"featured_media":0,"comment_status":"closed","ping_status":"closed","sticky":false,"template":"","format":"standard","meta":{"_acf_changed":false,"_sitemap_exclude":false,"_sitemap_priority":"","_sitemap_frequency":"","footnotes":""},"categories":[23],"tags":[125],"class_list":["post-14357","post","type-post","status-publish","format-standard","hentry","category-afrique","tag-mali"],"acf":[],"_links":{"self":[{"href":"https:\/\/www.visamundi.co\/es\/wp-json\/wp\/v2\/posts\/14357","targetHints":{"allow":["GET"]}}],"collection":[{"href":"https:\/\/www.visamundi.co\/es\/wp-json\/wp\/v2\/posts"}],"about":[{"href":"https:\/\/www.visamundi.co\/es\/wp-json\/wp\/v2\/types\/post"}],"author":[{"embeddable":true,"href":"https:\/\/www.visamundi.co\/es\/wp-json\/wp\/v2\/users\/1"}],"replies":[{"embeddable":true,"href":"https:\/\/www.visamundi.co\/es\/wp-json\/wp\/v2\/comments?post=14357"}],"version-history":[{"count":0,"href":"https:\/\/www.visamundi.co\/es\/wp-json\/wp\/v2\/posts\/14357\/revisions"}],"wp:attachment":[{"href":"https:\/\/www.visamundi.co\/es\/wp-json\/wp\/v2\/media?parent=14357"}],"wp:term":[{"taxonomy":"category","embeddable":true,"href":"https:\/\/www.visamundi.co\/es\/wp-json\/wp\/v2\/categories?post=14357"},{"taxonomy":"post_tag","embeddable":true,"href":"https:\/\/www.visamundi.co\/es\/wp-json\/wp\/v2\/tags?post=14357"}],"curies":[{"name":"wp","href":"https:\/\/api.w.org\/{rel}","templated":true}]}}