{"id":17002,"date":"2023-12-08T14:29:08","date_gmt":"2023-12-08T13:29:08","guid":{"rendered":"https:\/\/www.visamundi.co\/?p=17002"},"modified":"2023-12-08T14:29:08","modified_gmt":"2023-12-08T13:29:08","slug":"grecia-turquia-visado-egee","status":"publish","type":"post","link":"https:\/\/www.visamundi.co\/es\/blog\/grece-turquie-visa-egee\/","title":{"rendered":"Grecia facilita los visados a los turcos que deseen visitar sus islas del Egeo"},"content":{"rendered":"<p>Grecia tiene previsto crear un <strong>sistema autom\u00e1tico de visados<\/strong> para los ciudadanos turcos que deseen visitar 10 de sus islas. Esta decisi\u00f3n se tom\u00f3 tras una reuni\u00f3n entre el Primer Ministro griego <strong>Kyriakos Mitsotakis<\/strong> y el Presidente turco <strong>Recep Erdo\u011fan<\/strong>y ha sido aprobada por la Comisi\u00f3n Europea. El ministro griego de Inmigraci\u00f3n cree que esta medida acercar\u00e1 a griegos y turcos.<!--more--><\/p>\n<h2>Atenas planea simplificar los visados para los turcos que visiten las islas griegas<\/h2>\n<p>Seg\u00fan la prensa local, Atenas est\u00e1 considerando la posibilidad de conceder <strong>visados simplificados<\/strong> para los turcos que deseen visitar las islas griegas. La ciudad tiene previsto introducir un programa de visados de un a\u00f1o para los ciudadanos turcos que visiten la regi\u00f3n del Egeo. Los detalles de un proyecto de acuerdo se desvelaron tras una reuni\u00f3n entre el ministro turco del Interior y el ministro griego de Asuntos Exteriores, <strong>Ali Yerlikaya<\/strong>y el Ministro griego de Migraci\u00f3n y Asilo, <strong>Dimitris Kairidis<\/strong>en Ankara.<\/p>\n<h3>El proyecto de acuerdo incluye :<\/h3>\n<ul>\n<li>Posibilidad de solicitar un visado de 7 d\u00edas (una entrada) para los ciudadanos turcos que visiten varias islas griegas, entre ellas <em>Rodas, Lesbos, Samos, Qu\u00edos, Kos, Leros <\/em>Y<em> Meis.<\/em><\/li>\n<li>Disposiciones para el despliegue de guardacostas turcos y griegos en lugares designados.<\/li>\n<\/ul>\n<p>Las relaciones entre Grecia y Turqu\u00eda mejoraron despu\u00e9s de que Grecia prestara ayuda tras los terremotos del sur de Turqu\u00eda y de que ambas naciones expresaran su solidaridad tras un accidente ferroviario en el norte de Grecia que se sald\u00f3 con v\u00edctimas mortales.<\/p>\n<div class=\"entry-content-asset\">\n<blockquote class=\"twitter-tweet\" data-width=\"550\" data-dnt=\"true\">\n<p lang=\"de\" dir=\"ltr\">Eine Szene zwischen Erdogan und Mitsotakis, die viel aussagt. La reuni\u00f3n de hoy en Atenas ha sido muy franca. Otra cuesti\u00f3n es si Turqu\u00eda y Grecia pueden resolver sus conflictos (tambi\u00e9n territoriales). Dazu braucht es mehr Zeit und mehr politischen Willen. \ud83c\uddf9\ud83c\uddf7\ud83c\uddec\ud83c\uddf7 <a href=\"https:\/\/t.co\/6Cgnlwbnbt\">pic.twitter.com\/6Cgnlwbnbt<\/a><\/p>\n<p>- Carolina Dr\u00fcten (@corajamine) <a href=\"https:\/\/twitter.com\/corajamine\/status\/1732762819387355446?ref_src=twsrc%5Etfw\">7 de diciembre de 2023<\/a><\/p><\/blockquote>\n<p><script async src=\"https:\/\/platform.twitter.com\/widgets.js\" charset=\"utf-8\"><\/script><\/div>\n<h2>Lista de islas cubiertas por este nuevo programa<\/h2>\n<ul>\n<li>Lemnos<\/li>\n<li>Lesbos<\/li>\n<li>Qu\u00edos<\/li>\n<li>Samos<\/li>\n<li>Leros<\/li>\n<li>Kalymnos<\/li>\n<li>Kos<\/li>\n<li>Rodas<\/li>\n<li>Symi<\/li>\n<li>Kastelorizo<\/li>\n<\/ul>\n<p>El Primer Ministro Mitsotakis tambi\u00e9n expres\u00f3 su apoyo al <a href=\"https:\/\/www.visamundi.co\/es\/blog\/el-sueno-de-viajar-sin-visado-a-europa-en-el-centro-de-las-proximas-elecciones-turcas\/\">La petici\u00f3n de Turqu\u00eda de<strong>acceso sin visado al espacio Schengen<\/strong><\/a>. Una declaraci\u00f3n sobre <em>Amistad y buena vecindad<\/em> para estrechar los lazos entre ambos pa\u00edses.<\/p>\n<p>Grecia es el 2\u00ba pa\u00eds con mayor n\u00famero de solicitudes de visado de ciudadanos turcos, despu\u00e9s de Alemania.<\/p>","protected":false},"excerpt":{"rendered":"<p>Grecia tiene previsto introducir un sistema de visado autom\u00e1tico para los ciudadanos turcos que deseen visitar 10 de sus islas. La decisi\u00f3n se tom\u00f3 tras una reuni\u00f3n entre el primer ministro griego, Kyriakos Mitsotakis, y el presidente turco, Recep Erdo\u011fan, y ha recibido el visto bueno de la Comisi\u00f3n Europea. El ministro griego ... <a title=\"Grecia facilita los visados a los turcos que deseen visitar sus islas del Egeo\" class=\"read-more\" href=\"https:\/\/www.visamundi.co\/es\/blog\/grece-turquie-visa-egee\/\" aria-label=\"Leer m\u00e1s sobre Grecia facilita los visados a los turcos que deseen visitar sus islas del Egeo\">Leer el art\u00edculo<\/a><\/p>","protected":false},"author":1,"featured_media":0,"comment_status":"open","ping_status":"closed","sticky":false,"template":"","format":"standard","meta":{"_acf_changed":false,"_sitemap_exclude":false,"_sitemap_priority":"","_sitemap_frequency":"","footnotes":""},"categories":[25],"tags":[],"class_list":["post-17002","post","type-post","status-publish","format-standard","hentry","category-europe"],"acf":[],"_links":{"self":[{"href":"https:\/\/www.visamundi.co\/es\/wp-json\/wp\/v2\/posts\/17002","targetHints":{"allow":["GET"]}}],"collection":[{"href":"https:\/\/www.visamundi.co\/es\/wp-json\/wp\/v2\/posts"}],"about":[{"href":"https:\/\/www.visamundi.co\/es\/wp-json\/wp\/v2\/types\/post"}],"author":[{"embeddable":true,"href":"https:\/\/www.visamundi.co\/es\/wp-json\/wp\/v2\/users\/1"}],"replies":[{"embeddable":true,"href":"https:\/\/www.visamundi.co\/es\/wp-json\/wp\/v2\/comments?post=17002"}],"version-history":[{"count":0,"href":"https:\/\/www.visamundi.co\/es\/wp-json\/wp\/v2\/posts\/17002\/revisions"}],"wp:attachment":[{"href":"https:\/\/www.visamundi.co\/es\/wp-json\/wp\/v2\/media?parent=17002"}],"wp:term":[{"taxonomy":"category","embeddable":true,"href":"https:\/\/www.visamundi.co\/es\/wp-json\/wp\/v2\/categories?post=17002"},{"taxonomy":"post_tag","embeddable":true,"href":"https:\/\/www.visamundi.co\/es\/wp-json\/wp\/v2\/tags?post=17002"}],"curies":[{"name":"wp","href":"https:\/\/api.w.org\/{rel}","templated":true}]}}