{"id":17359,"date":"2024-01-02T09:16:21","date_gmt":"2024-01-02T08:16:21","guid":{"rendered":"https:\/\/www.visamundi.co\/?p=17359"},"modified":"2024-01-02T09:16:21","modified_gmt":"2024-01-02T08:16:21","slug":"kosovo-europa-sin-visado","status":"publish","type":"post","link":"https:\/\/www.visamundi.co\/es\/blog\/kosovo-europe-sans-visa\/","title":{"rendered":"Los kosovares pueden viajar libremente por el espacio Schengen desde el 1 de enero de 2024"},"content":{"rendered":"<p>Desde el 1 de enero de 2024, los ciudadanos de Kosovo pueden por fin viajar libremente por el espacio Schengen. Tras largos a\u00f1os de espera, el <strong>exenci\u00f3n de visado<\/strong> entr\u00f3 en vigor, abriendo nuevas perspectivas para unos 1,8 millones de kosovares.<!--more--><\/p>\n<p>Esta medida se esperaba desde hac\u00eda varios a\u00f1os, puesto que Kosovo ya cumpl\u00eda todos los criterios necesarios para la supresi\u00f3n de visados en 2018, en particular en materia de gesti\u00f3n de fronteras y migraci\u00f3n. Sin embargo, la normalizaci\u00f3n de las relaciones con sus vecinos europeos, en particular Serbia, segu\u00eda siendo un obst\u00e1culo en el camino hacia el estrechamiento de los lazos entre Kosovo y la Uni\u00f3n Europea.<\/p>\n<div class=\"entry-content-asset\">\n<blockquote class=\"twitter-tweet\" data-width=\"550\" data-dnt=\"true\">\n<p lang=\"en\" dir=\"ltr\">Hoy, los habitantes de Kosovo empiezan a circular libremente por el espacio Schengen.<\/p>\n<p>Este hito hist\u00f3rico no es un logro exclusivo de Kosovo, sino un importante paso adelante hacia nuestro objetivo com\u00fan: una Europa m\u00e1s cercana, m\u00e1s fuerte y m\u00e1s unida.<\/p>\n<p>Menos barreras, m\u00e1s oportunidades. \ud83c\uddfd\ud83c\uddf0\ud83c\uddea\ud83c\uddfa <a href=\"https:\/\/t.co\/ZBUE0Zh0xH\">pic.twitter.com\/ZBUE0Zh0xH<\/a><\/p>\n<p>- Vjosa Osmani (@VjosaOsmaniPRKS) <a href=\"https:\/\/twitter.com\/VjosaOsmaniPRKS\/status\/1741778199082590694?ref_src=twsrc%5Etfw\">1 de enero de 2024<\/a><\/p><\/blockquote>\n<p><script async src=\"https:\/\/platform.twitter.com\/widgets.js\" charset=\"utf-8\"><\/script><\/div>\n<p><strong>El anuncio oficial lo hizo el Primer Ministro kosovar, Albin Kurti<\/strong>que se dirigi\u00f3 personalmente a los primeros viajeros kosovares que sal\u00edan del aeropuerto de Pristina con destino a la UE sin visado. Esta ocasi\u00f3n marca un importante punto de inflexi\u00f3n en las relaciones entre el pa\u00eds y Europa.<\/p>\n<h3>Las oportunidades que ofrece el fin de las restricciones de visado para los kosovares :<\/h3>\n<ul>\n<li>Para poder visitar a familiares que viven en Alemania o Suiza, por ejemplo.<\/li>\n<li>Descubrir nuevas culturas y estilos de vida europeos, enriqueciendo sus perspectivas personales y profesionales.<\/li>\n<li>Acceso a una educaci\u00f3n y formaci\u00f3n m\u00e1s diversificadas en Europa.<\/li>\n<li>Facilitar los encuentros y la cooperaci\u00f3n entre kosovares y ciudadanos de otros pa\u00edses de la UE.<\/li>\n<\/ul>\n<h2>Un peso menos para los j\u00f3venes kosovares<\/h2>\n<p>Este cambio es especialmente importante para los j\u00f3venes kosovares, que han sufrido durante mucho tiempo este aislamiento forzoso del resto de Europa. En un pa\u00eds donde casi la mitad de la poblaci\u00f3n tiene menos de 30 a\u00f1os, esta situaci\u00f3n era fuente de profunda frustraci\u00f3n. Muchos se quejaban de la indiferencia de sus hom\u00f3logos europeos, que a menudo asociaban Kosovo \u00fanicamente con un conflicto que ellos mismos no hab\u00edan vivido.<\/p>\n<p><strong>Ahora, gracias a la abolici\u00f3n del r\u00e9gimen de visados, estos j\u00f3venes kosovares pueden por fin esperar un futuro sin barreras.<\/strong>Se centrar\u00e1 en la cooperaci\u00f3n y en las oportunidades econ\u00f3micas y culturales que ofrece la Uni\u00f3n Europea. No cabe duda de que este nuevo<em>Este estatus del agua permitir\u00e1 a los kosovares mostrar su potencial y su deseo de formar parte de la sociedad.<strong>integraci\u00f3n<\/strong> en el continente europeo.<\/em><\/p>\n<h3>Una posible consecuencia: el \u00e9xodo de j\u00f3venes kosovares<\/h3>\n<p>Algunos analistas prev\u00e9n ya un \u00e9xodo de j\u00f3venes kosovares, que aprovechar\u00e1n esta liberalizaci\u00f3n de visados para estudiar o trabajar en el extranjero. Aunque Kosovo a\u00fan no se considera pa\u00eds candidato a la UE, este acercamiento representa un gran avance en las relaciones entre ambas entidades, y simboliza un paso m\u00e1s hacia el reconocimiento y la integraci\u00f3n del pa\u00eds en la comunidad europea.<\/p>","protected":false},"excerpt":{"rendered":"<p>Desde el 1 de enero de 2024, los ciudadanos de Kosovo pueden por fin viajar libremente por el espacio Schengen. Tras largos a\u00f1os de espera, el r\u00e9gimen sin visado ha entrado en vigor, abriendo nuevas perspectivas para los 1,8 millones de kosovares.<\/p>","protected":false},"author":1,"featured_media":0,"comment_status":"open","ping_status":"closed","sticky":false,"template":"","format":"standard","meta":{"_acf_changed":false,"_sitemap_exclude":false,"_sitemap_priority":"","_sitemap_frequency":"","footnotes":""},"categories":[25],"tags":[145],"class_list":["post-17359","post","type-post","status-publish","format-standard","hentry","category-europe","tag-kosovo"],"acf":[],"_links":{"self":[{"href":"https:\/\/www.visamundi.co\/es\/wp-json\/wp\/v2\/posts\/17359","targetHints":{"allow":["GET"]}}],"collection":[{"href":"https:\/\/www.visamundi.co\/es\/wp-json\/wp\/v2\/posts"}],"about":[{"href":"https:\/\/www.visamundi.co\/es\/wp-json\/wp\/v2\/types\/post"}],"author":[{"embeddable":true,"href":"https:\/\/www.visamundi.co\/es\/wp-json\/wp\/v2\/users\/1"}],"replies":[{"embeddable":true,"href":"https:\/\/www.visamundi.co\/es\/wp-json\/wp\/v2\/comments?post=17359"}],"version-history":[{"count":0,"href":"https:\/\/www.visamundi.co\/es\/wp-json\/wp\/v2\/posts\/17359\/revisions"}],"wp:attachment":[{"href":"https:\/\/www.visamundi.co\/es\/wp-json\/wp\/v2\/media?parent=17359"}],"wp:term":[{"taxonomy":"category","embeddable":true,"href":"https:\/\/www.visamundi.co\/es\/wp-json\/wp\/v2\/categories?post=17359"},{"taxonomy":"post_tag","embeddable":true,"href":"https:\/\/www.visamundi.co\/es\/wp-json\/wp\/v2\/tags?post=17359"}],"curies":[{"name":"wp","href":"https:\/\/api.w.org\/{rel}","templated":true}]}}