{"id":18262,"date":"2024-03-08T15:19:31","date_gmt":"2024-03-08T14:19:31","guid":{"rendered":"https:\/\/www.visamundi.co\/?p=18262"},"modified":"2024-03-08T15:19:31","modified_gmt":"2024-03-08T14:19:31","slug":"aumento-del-precio-de-los-galapagos","status":"publish","type":"post","link":"https:\/\/www.visamundi.co\/es\/blog\/augmentation-tarifs-galapagos\/","title":{"rendered":"Aumento del precio de acceso al Parque Nacional de Gal\u00e1pagos"},"content":{"rendered":"<p>El Gobierno de <strong>Parque Nacional de Gal\u00e1pagos<\/strong> ha decidido tomar medidas para limitar el impacto del turismo de masas en este fr\u00e1gil ecosistema. El aumento del precio de entrada a estas islas, situadas frente a las costas de Ecuador, deber\u00eda contribuir a preservar el medio ambiente, al tiempo que se desarrolla un turismo sostenible y se estimula la econom\u00eda local.<!--more--><\/p>\n<ul>\n<li>El precio de entrada para los extranjeros se duplicar\u00e1, pasando de 100 a 200 d\u00f3lares (<span class=\"currency-convertor\" data-amount=\"100\" data-currency=\"USD\">86 &#8364;<\/span> \u00e0 <span class=\"currency-convertor\" data-amount=\"200\" data-currency=\"USD\">171 &#8364;<\/span>).<\/li>\n<li>Las tarifas para los ciudadanos ecuatorianos se multiplicar\u00e1n por cinco (hasta 30 USD).<\/li>\n<\/ul>\n<p><em>Estos cambios deber\u00edan aplicarse en los pr\u00f3ximos 6 meses y generar hasta 40 millones de d\u00f3lares al a\u00f1o, frente a los 14-18 millones actuales.<\/em><\/p>\n<p>Seg\u00fan el Ministro de Turismo <strong>Niels Olsen<\/strong>El archipi\u00e9lago de Gal\u00e1pagos se est\u00e1 viendo perjudicado por la introducci\u00f3n de especies invasoras y la escasez de alimentos a causa de los populares lugares tur\u00edsticos. El parque figur\u00f3 en su d\u00eda en la lista de Patrimonio Mundial en Peligro de la UNESCO. El objetivo es fomentar el turismo sostenible y estimular la econom\u00eda local gracias a las maravillas naturales que ofrecen las islas, \u00fanicas en el mundo, y a pesar de que la decisi\u00f3n de rebajar al mismo tiempo las tasas a\u00e9reas va en contra de estos argumentos ecol\u00f3gicos y econ\u00f3micos.<\/p>\n<div class=\"entry-content-asset\">\n<blockquote class=\"twitter-tweet\" data-width=\"550\" data-dnt=\"true\">\n<p lang=\"es\" dir=\"ltr\">\ud83d\udc22 \"Vot\u00e9 a favor del incremento de la tasa al Parque Nacional Gal\u00e1pagos porque lo necesita\", exclam\u00f3 el Ministro de Turismo, Niels Olsen, que justifica el aumento de la tasa de ingreso hacia las Islas Gal\u00e1pagos. La llegada masiva de visitantes est\u00e1 ubicando en una situaci\u00f3n de... <a href=\"https:\/\/t.co\/wlCNBBmMJT\">pic.twitter.com\/wlCNBBmMJT<\/a><\/p>\n<p>- Ecuadorplay (@EcuadorPlay) <a href=\"https:\/\/twitter.com\/EcuadorPlay\/status\/1762246923879079977?ref_src=twsrc%5Etfw\">26 de febrero de 2024<\/a><\/p><\/blockquote>\n<p><script async src=\"https:\/\/platform.twitter.com\/widgets.js\" charset=\"utf-8\"><\/script><\/div>\n<h2>Consecuencias para los turistas y las empresas locales<\/h2>\n<p>Aunque este aumento puede frenar a algunos turistas de bajo poder adquisitivo, hay que recordar que las Gal\u00e1pagos ya son un destino caro que atrae sobre todo a visitantes adinerados. Los entusiastas de la biodiversidad y el patrimonio medioambiental estar\u00e1n sin duda dispuestos a pagar un alto precio por contemplar las tortugas gigantes, las iguanas, las aves raras y la flora excepcional de estas islas remotas.<\/p>\n<p>El Ministro de Turismo llevaba varios meses trabajando en este aumento:<\/p>\n<div class=\"entry-content-asset\">\n<blockquote class=\"twitter-tweet\" data-width=\"550\" data-dnt=\"true\">\n<p lang=\"es\" dir=\"ltr\">Gal\u00e1pagos es un destino fr\u00e1gil y el m\u00e1s especial del mundo.<\/p>\n<p>Pagar $6 (nacionales) y $100 (extranjeros) al Parque Nacional Gal\u00e1pagos es muy barato. Esta tasa deber\u00eda incrementarse para que haya m\u00e1s presupuesto para el parque (ej. m\u00e1s guarda parques) y municipios para resolver los... <a href=\"https:\/\/t.co\/ZqPHB20kg3\">https:\/\/t.co\/ZqPHB20kg3<\/a><\/p>\n<p>- Niels Olsen (@NielsOlsenP) <a href=\"https:\/\/twitter.com\/NielsOlsenP\/status\/1671162285300264961?ref_src=twsrc%5Etfw\">20 de junio de 2023<\/a><\/p><\/blockquote>\n<p><script async src=\"https:\/\/platform.twitter.com\/widgets.js\" charset=\"utf-8\"><\/script><\/div>\n<p>Algunos agentes locales, como <strong>Miguel D\u00edaz<\/strong>empleado de una empresa con una flota de 8 barcos que transportan sobre todo extranjeros, se muestra m\u00e1s reservado sobre este aumento: \"<em>Creo que es necesario un aumento, pero no el doble.<\/em>\u201c.<\/p>\n<p><strong>Charles Wittmer<\/strong>Presidente de la Asociaci\u00f3n de Armadores de Buques Tur\u00edsticos de Gal\u00e1pagos, cree que los turistas que se gastan 180 d\u00f3lares por una visita y 20 por una comida en un restaurante no regatear\u00e1n los derechos de acceso a estas islas, declaradas Patrimonio de la Humanidad por la UNESCO.<\/p>","protected":false},"excerpt":{"rendered":"<p>El gobierno del Parque Nacional de Gal\u00e1pagos ha decidido tomar medidas para limitar el impacto del turismo de masas en este fr\u00e1gil ecosistema. El aumento de la tarifa de entrada a estas islas, situadas frente a las costas de Ecuador, deber\u00eda contribuir a preservar el medio ambiente al tiempo que se desarrolla un turismo sostenible y se estimula la econom\u00eda... <a title=\"Aumento del precio de acceso al Parque Nacional de Gal\u00e1pagos\" class=\"read-more\" href=\"https:\/\/www.visamundi.co\/es\/blog\/augmentation-tarifs-galapagos\/\" aria-label=\"Leer m\u00e1s sobre Aumento de las tarifas de acceso al Parque Nacional de Gal\u00e1pagos\">Leer el art\u00edculo<\/a><\/p>","protected":false},"author":1,"featured_media":0,"comment_status":"open","ping_status":"closed","sticky":false,"template":"","format":"standard","meta":{"_acf_changed":false,"_sitemap_exclude":false,"_sitemap_priority":"","_sitemap_frequency":"","footnotes":""},"categories":[49],"tags":[153],"class_list":["post-18262","post","type-post","status-publish","format-standard","hentry","category-ameriques","tag-equateur"],"acf":[],"_links":{"self":[{"href":"https:\/\/www.visamundi.co\/es\/wp-json\/wp\/v2\/posts\/18262","targetHints":{"allow":["GET"]}}],"collection":[{"href":"https:\/\/www.visamundi.co\/es\/wp-json\/wp\/v2\/posts"}],"about":[{"href":"https:\/\/www.visamundi.co\/es\/wp-json\/wp\/v2\/types\/post"}],"author":[{"embeddable":true,"href":"https:\/\/www.visamundi.co\/es\/wp-json\/wp\/v2\/users\/1"}],"replies":[{"embeddable":true,"href":"https:\/\/www.visamundi.co\/es\/wp-json\/wp\/v2\/comments?post=18262"}],"version-history":[{"count":0,"href":"https:\/\/www.visamundi.co\/es\/wp-json\/wp\/v2\/posts\/18262\/revisions"}],"wp:attachment":[{"href":"https:\/\/www.visamundi.co\/es\/wp-json\/wp\/v2\/media?parent=18262"}],"wp:term":[{"taxonomy":"category","embeddable":true,"href":"https:\/\/www.visamundi.co\/es\/wp-json\/wp\/v2\/categories?post=18262"},{"taxonomy":"post_tag","embeddable":true,"href":"https:\/\/www.visamundi.co\/es\/wp-json\/wp\/v2\/tags?post=18262"}],"curies":[{"name":"wp","href":"https:\/\/api.w.org\/{rel}","templated":true}]}}