{"id":2595,"date":"2021-02-25T14:37:50","date_gmt":"2021-02-25T13:37:50","guid":{"rendered":"https:\/\/www.visamundi.fr\/?p=2595"},"modified":"2021-02-25T14:37:50","modified_gmt":"2021-02-25T13:37:50","slug":"lo-que-ha-cambiado-es-que-tenemos-que-ser-aun-mas-adaptables-que-antes-anh-y-jean-benoit-tourdumonde5continentes","status":"publish","type":"post","link":"https:\/\/www.visamundi.co\/es\/blog\/ce-qui-a-change-cest-que-nous-devons-faire-encore-plus-preuve-de-sens-dadaptation-que-dhabitude-anh-et-jean-benoit-tourdumonde5continents\/","title":{"rendered":"\"Adaptarse a\u00fan m\u00e1s de lo habitual...\". Anh y Jean-Beno\u00eet, Tourdumonde5continentes"},"content":{"rendered":"<p><strong>\u00a1Anh y Jean-Beno\u00eet son un aut\u00e9ntico d\u00fao trotamundos! Esta pareja lleva viajando por el mundo desde 2016, despu\u00e9s de dejarlo todo para hacer realidad su sue\u00f1o. Relatan sus apasionantes experiencias a trav\u00e9s de sus <a href=\"https:\/\/www.tourdumonde5continents.com\/\">blog Tourdumonde5continentes<\/a>.<\/strong><\/p>\n<p><!--more--><\/p>\n<p><strong>\u00bfQu\u00e9 ha cambiado para usted en el \u00faltimo a\u00f1o? <\/strong><\/p>\n<p>El comienzo de 2020 ha sido un fracaso tras otro. Est\u00e1bamos en M\u00e9xico y deb\u00edamos dirigirnos a Asia para un viaje por carretera a China...<\/p>\n<p>Nos cancelaron los billetes de avi\u00f3n y decidimos volver a Europa unas semanas \"hasta que se calmara la cosa\". Hab\u00edamos puesto la mira en Italia, que qued\u00f3 confinada inmediatamente despu\u00e9s.<\/p>\n<p>Entonces reservamos transporte y alojamiento para Austria, justo antes de que el pa\u00eds cerrara sus fronteras.<\/p>\n<p>As\u00ed que est\u00e1bamos en Francia en el momento del repentino anuncio del confinamiento. Llev\u00e1bamos viajando por todo el mundo desde 2016 y ya no ten\u00edamos pie en tierra. As\u00ed que ten\u00edamos 24 horas para encontrar una soluci\u00f3n. La situaci\u00f3n era bastante estresante, pero encontramos urgentemente un subarriendo en la regi\u00f3n parisina.<\/p>\n<p>Pudimos seguir con nuestras actividades empresariales y, como llevamos varios a\u00f1os teletrabajando en 100%, nuestros h\u00e1bitos no se han visto alterados.<\/p>\n<p>Sin embargo, pronto se hizo evidente la necesidad de cambiar de aires. Es dif\u00edcil permanecer tanto tiempo en un radio de un kil\u00f3metro cuando llevas a\u00f1os viajando por todo el mundo.<\/p>\n<p><strong>\u00bfC\u00f3mo mantuvo su blog durante este periodo? \u00bfDiversific\u00f3 los temas? <\/strong><\/p>\n<p>Normalmente publicamos bastante en nuestro blog. Durante el cierre, \u00a1tuvimos a\u00fan m\u00e1s tiempo!<\/p>\n<p>Hemos estado poni\u00e9ndonos al d\u00eda con nuestros diarios de viaje, escribiendo art\u00edculos sobre productos y servicios que utilizamos, entrevistando a un amigo varado en Sri Lanka, ...<\/p>\n<p>Tambi\u00e9n quer\u00edamos <a href=\"https:\/\/www.tourdumonde5continents.com\/journal-de-bord-dun-digital-nomad-bloque-par-le-coronavirus\/\">un diario de contenci\u00f3n<\/a> entonces el <a href=\"https:\/\/www.tourdumonde5continents.com\/journal-de-bord-dun-digital-en-deconfinement\/\">descontaminaci\u00f3n<\/a>. La situaci\u00f3n que vivimos fue tan asombrosa que disfrutaremos ley\u00e9ndolo de nuevo dentro de unos a\u00f1os, cuando todo sea s\u00f3lo un mal recuerdo.<\/p>\n<p><strong>\u00bfC\u00f3mo ve la recuperaci\u00f3n del turismo en los pr\u00f3ximos meses\/a\u00f1os?<\/strong><\/p>\n<p>Nos hubiera gustado decir que el turismo de ma\u00f1ana ser\u00e1 m\u00e1s responsable, m\u00e1s sostenible, m\u00e1s solidario... Desgraciadamente no creemos en ese famoso \"mundo despu\u00e9s\".<\/p>\n<p>Cuando las fronteras vuelvan a abrirse, el deseo de viajar ser\u00e1 tan fuerte que el turismo de masas despegar\u00e1 de nuevo.<\/p>\n<p>Un atisbo de esto ya es visible, con los viajeros acudiendo en masa a los pocos destinos abiertos, como M\u00e9xico, incluso ignorando las prohibiciones de salir del pa\u00eds. Sin mencionar siquiera el negocio de los falsos resultados de las pruebas PCR, podemos ver claramente un aumento del comportamiento ego\u00edsta e irresponsable.<\/p>\n<p>Nuestra visi\u00f3n no es muy optimista, pero nos tememos que es realista.<\/p>\n<p>En un tono menos negativo, varias empresas han experimentado con el teletrabajo y han comprobado que funcionaba bien a pesar de la falta de preparaci\u00f3n. Esto contribuir\u00e1 sin duda al desarrollo del nomadismo digital, que ya era una tendencia importante antes de la crisis cov\u00eddica. Este tipo de viaje no est\u00e1 exento de defectos, pero como generalmente implica estancias m\u00e1s largas, contribuye m\u00e1s a la econom\u00eda local que el turismo tradicional. Empezamos a ver destinos que buscan atraer a este tipo de viajeros ofreci\u00e9ndoles visados especiales o incluso subvencionando sus estancias.<\/p>\n<p><strong>\u00bfPiensas volver a salir una vez que la situaci\u00f3n se haya calmado? Si es as\u00ed, \u00bfpodr\u00edas cont\u00e1rnoslo? (Prometemos no seguirte.... \u00a1Aunque!) <\/strong><\/p>\n<p>\u00a1Ya estamos de viaje! Est\u00e1bamos tan inquietos cuando salimos del encierro que aprovechamos el verano para recorrer Francia: \u00a1qu\u00e9 pa\u00eds m\u00e1s bonito tenemos! En septiembre, cuando la segunda oleada de la epidemia a\u00fan no era un t\u00f3pico, nos fuimos a Italia. Qu\u00e9 oportunidad tan incre\u00edble de disfrutar de Roma, Venecia y Florencia con tan poca gente. \u00a1Somos muy conscientes de que somos unos privilegiados! Ahora estamos en Montenegro y dentro de unas semanas llegaremos a Albania.<\/p>\n<p>Lo que ha cambiado es que tenemos que ser a\u00fan m\u00e1s adaptables que de costumbre. Normalmente, nos gusta definir nuestro itinerario para los pr\u00f3ximos meses. En estos momentos, es imposible tener una visi\u00f3n para m\u00e1s de unas semanas.<\/p>\n<p>Aunque solemos utilizar el transporte p\u00fablico en su mayor parte, temporalmente estamos favoreciendo los medios de transporte individuales.<\/p>\n<p>Hacemos todo lo posible por reducir al m\u00e1ximo los riesgos y cumplir escrupulosamente las instrucciones de las autoridades locales.<\/p>\n<p>Tambi\u00e9n estamos permaneciendo m\u00e1s tiempo en cada etapa. Donde antes nos qued\u00e1bamos de 4 a 6 semanas por ciudad, ahora llevamos m\u00e1s bien un ritmo de 3 meses. Nos hemos convertido en viajeros muy lentos \ud83d\ude42 .<\/p>\n<p>Esperamos poder volver a Asia lo antes posible. Tenemos familia all\u00ed a la que no vemos desde hace mucho tiempo. Por el momento es imposible decir cu\u00e1ndo ser\u00e1.<\/p>\n<p><strong>\u00bfUn destino que le gustar\u00eda descubrir? <\/strong><\/p>\n<p>Sin esta crisis, seguramente no estar\u00edamos en los Balcanes, y es un descubrimiento maravilloso. Nos dan ganas de descubrir otras regiones menos tur\u00edsticas en las que no hab\u00edamos pensado. Asia Central nos atrae, por ejemplo, pero de momento no hay planes concretos.<\/p>\n<p><em>Fotograf\u00eda: Anh y Jean-Beno\u00eet, Tourdumonde5continents.<\/em><\/p>","protected":false},"excerpt":{"rendered":"<p>\u00a1Anh y Jean-Beno\u00eet son un aut\u00e9ntico d\u00fao trotamundos! Esta pareja lleva viajando por el mundo desde 2016, despu\u00e9s de dejarlo todo para hacer realidad su sue\u00f1o. Escriben sobre sus apasionantes experiencias en su blog Tourdumonde5continentes.<\/p>","protected":false},"author":1,"featured_media":0,"comment_status":"closed","ping_status":"closed","sticky":false,"template":"","format":"standard","meta":{"_acf_changed":false,"_sitemap_exclude":false,"_sitemap_priority":"","_sitemap_frequency":"","footnotes":""},"categories":[73],"tags":[],"class_list":["post-2595","post","type-post","status-publish","format-standard","hentry","category-interviews"],"acf":[],"_links":{"self":[{"href":"https:\/\/www.visamundi.co\/es\/wp-json\/wp\/v2\/posts\/2595","targetHints":{"allow":["GET"]}}],"collection":[{"href":"https:\/\/www.visamundi.co\/es\/wp-json\/wp\/v2\/posts"}],"about":[{"href":"https:\/\/www.visamundi.co\/es\/wp-json\/wp\/v2\/types\/post"}],"author":[{"embeddable":true,"href":"https:\/\/www.visamundi.co\/es\/wp-json\/wp\/v2\/users\/1"}],"replies":[{"embeddable":true,"href":"https:\/\/www.visamundi.co\/es\/wp-json\/wp\/v2\/comments?post=2595"}],"version-history":[{"count":0,"href":"https:\/\/www.visamundi.co\/es\/wp-json\/wp\/v2\/posts\/2595\/revisions"}],"wp:attachment":[{"href":"https:\/\/www.visamundi.co\/es\/wp-json\/wp\/v2\/media?parent=2595"}],"wp:term":[{"taxonomy":"category","embeddable":true,"href":"https:\/\/www.visamundi.co\/es\/wp-json\/wp\/v2\/categories?post=2595"},{"taxonomy":"post_tag","embeddable":true,"href":"https:\/\/www.visamundi.co\/es\/wp-json\/wp\/v2\/tags?post=2595"}],"curies":[{"name":"wp","href":"https:\/\/api.w.org\/{rel}","templated":true}]}}