{"id":6906,"date":"2022-06-06T15:05:08","date_gmt":"2022-06-06T13:05:08","guid":{"rendered":"https:\/\/www.visamundi.fr\/?p=6906"},"modified":"2022-06-06T15:05:08","modified_gmt":"2022-06-06T13:05:08","slug":"por-que-elegir-el-alquiler-de-un-jet-privado","status":"publish","type":"post","link":"https:\/\/www.visamundi.co\/es\/blog\/pourquoi-opter-pour-la-location-dun-jet-prive\/","title":{"rendered":"\u00bfPor qu\u00e9 optar por el alquiler de un jet privado?"},"content":{"rendered":"<p>Durante mucho tiempo, los jets privados se consideraron una alternativa de viaje para cierta categor\u00eda de personas. Hoy, gracias a la proliferaci\u00f3n de compa\u00f1\u00edas de transporte a\u00e9reo privado, cualquiera puede alquilar un jet privado con un presupuesto razonable. Este art\u00edculo analiza algunas de las razones por las que deber\u00eda optar por el alquiler de un jet privado.<\/p>\n<h2>Alquile un jet privado para viajar m\u00e1s r\u00e1pido<\/h2>\n<p>Viajar en un avi\u00f3n comercial, aunque sea en primera clase, requiere un tiempo considerable para realizar los diversos tr\u00e1mites. No ocurre lo mismo si opta por <a href=\"https:\/\/www.simply-jet.ch\/fr\/\" target=\"_blank\" rel=\"noopener noreferrer\">alquiler de jets privados<\/a>. Al reservar un avi\u00f3n privado, el personal de a bordo seguir\u00e1 sus horarios para ejecutar el plan de vuelo. As\u00ed, si tiene una reuni\u00f3n de negocios importante, llegar\u00e1 antes sin tener que perder tiempo en el aeropuerto.<\/p>\n<h2>Alquile un jet privado para viajar m\u00e1s c\u00f3modamente<\/h2>\n<p>Los jets privados son famosos por su alto nivel de confort. Un jet privado se construye siguiendo un dise\u00f1o estricto y est\u00e1 destinado a transportar un n\u00famero muy limitado de pasajeros. Las diversas instalaciones a bordo est\u00e1n dise\u00f1adas para que los pasajeros se sientan c\u00f3modos. Si opta por alquilar un jet privado, viajar\u00e1 solo o con algunos miembros de su familia o de su empresa. No se ver\u00e1 sofocado por el n\u00famero de pasajeros desconocidos, como ocurre a bordo de un <a href=\"https:\/\/www.lemonde.fr\/archives\/article\/1958\/10\/27\/l-avion-commercial-a-reaction-met-new-york-a-sept-heures-de-paris_2315396_1819218.html\">aviones comerciales de transporte p\u00fablico<\/a>. Esto le da mucha libertad para hablar y adoptar casi cualquier posici\u00f3n que desee durante el vuelo.<\/p>\n<h3>Opte por el alquiler de un jet privado para destacar entre la multitud<\/h3>\n<p>Un jet privado es una marca de nobleza. Al despegar o aterrizar en un jet privado, usted se da a s\u00ed mismo un cierto valor. Esto aumentar\u00e1 sin duda su credibilidad ante determinados inversores o socios cuando est\u00e9 en el mundo de los negocios.<\/p>","protected":false},"excerpt":{"rendered":"<p>Durante mucho tiempo, los jets privados se consideraron una alternativa de viaje para cierta categor\u00eda de personas. Hoy, gracias a la proliferaci\u00f3n de compa\u00f1\u00edas de transporte a\u00e9reo privado, cualquiera puede alquilar un jet privado con un presupuesto razonable. Este art\u00edculo analiza algunas de las razones por las que deber\u00eda optar por un jet privado. <a title=\"\u00bfPor qu\u00e9 optar por el alquiler de un jet privado?\" class=\"read-more\" href=\"https:\/\/www.visamundi.co\/es\/blog\/pourquoi-opter-pour-la-location-dun-jet-prive\/\" aria-label=\"Leer m\u00e1s sobre \u00bfPor qu\u00e9 alquilar un jet privado?\">Leer el art\u00edculo<\/a><\/p>","protected":false},"author":1,"featured_media":0,"comment_status":"closed","ping_status":"closed","sticky":false,"template":"","format":"standard","meta":{"_acf_changed":false,"_sitemap_exclude":false,"_sitemap_priority":"","_sitemap_frequency":"","footnotes":""},"categories":[35],"tags":[],"class_list":["post-6906","post","type-post","status-publish","format-standard","hentry","category-corporate"],"acf":[],"_links":{"self":[{"href":"https:\/\/www.visamundi.co\/es\/wp-json\/wp\/v2\/posts\/6906","targetHints":{"allow":["GET"]}}],"collection":[{"href":"https:\/\/www.visamundi.co\/es\/wp-json\/wp\/v2\/posts"}],"about":[{"href":"https:\/\/www.visamundi.co\/es\/wp-json\/wp\/v2\/types\/post"}],"author":[{"embeddable":true,"href":"https:\/\/www.visamundi.co\/es\/wp-json\/wp\/v2\/users\/1"}],"replies":[{"embeddable":true,"href":"https:\/\/www.visamundi.co\/es\/wp-json\/wp\/v2\/comments?post=6906"}],"version-history":[{"count":0,"href":"https:\/\/www.visamundi.co\/es\/wp-json\/wp\/v2\/posts\/6906\/revisions"}],"wp:attachment":[{"href":"https:\/\/www.visamundi.co\/es\/wp-json\/wp\/v2\/media?parent=6906"}],"wp:term":[{"taxonomy":"category","embeddable":true,"href":"https:\/\/www.visamundi.co\/es\/wp-json\/wp\/v2\/categories?post=6906"},{"taxonomy":"post_tag","embeddable":true,"href":"https:\/\/www.visamundi.co\/es\/wp-json\/wp\/v2\/tags?post=6906"}],"curies":[{"name":"wp","href":"https:\/\/api.w.org\/{rel}","templated":true}]}}