{"id":7019233,"date":"2024-10-25T14:24:57","date_gmt":"2024-10-25T12:24:57","guid":{"rendered":"https:\/\/www.visamundi.co\/?p=7019233"},"modified":"2024-10-25T14:25:06","modified_gmt":"2024-10-25T12:25:06","slug":"larmenie-complica-la-obtencion-de-visados-e-para-3-nacionalidades","status":"publish","type":"post","link":"https:\/\/www.visamundi.co\/es\/blog\/larmenie-complique-lobtention-du-e-visa-pour-3-nationalites\/","title":{"rendered":"Armenia dificulta la obtenci\u00f3n del visado electr\u00f3nico para 3 nacionalidades"},"content":{"rendered":"<p>A partir del 24 de octubre, ya no ser\u00e1 f\u00e1cil para los nacionales de <strong>indios<\/strong>, <strong>Iraqu\u00edes<\/strong> Y <strong>Egipcios<\/strong> aterrizar en Erev\u00e1n simplemente con un visado electr\u00f3nico. El gobierno ha puesto fin - al menos temporalmente - al sistema de visado electr\u00f3nico para estas 3 nacionalidades, a menos que presenten un visado v\u00e1lido para una regi\u00f3n occidental.<\/p>\n\n\n\n<p>Esta decisi\u00f3n, que cay\u00f3 como un rayo ca\u00eddo del cielo, no es insignificante. Se produce en un contexto de crecientes tensiones sobre la inmigraci\u00f3n en Armenia. Desde hace meses, las autoridades est\u00e1n preocupadas por la afluencia masiva de visitantes de estos pa\u00edses, algunos de los cuales tienden a prolongar su estancia legal.<\/p>\n\n\n\n<h2 class=\"wp-block-heading\">El rompecabezas de los overstayers<\/h2>\n\n\n\n<p>Durante los 9 primeros meses de 2023, no menos de 70.000 <strong>Indios<\/strong> que han pisado suelo armenio. Es una cifra asombrosa si se tiene en cuenta que el pa\u00eds tiene una poblaci\u00f3n de \u00a1s\u00f3lo 3 millones de habitantes! Los servicios de inmigraci\u00f3n calculan que unos 10.000 indios se encuentran actualmente en situaci\u00f3n irregular. Un quebradero de cabeza administrativo y social que finalmente ha impulsado al gobierno a tomar medidas.<\/p>\n\n\n\n<p>Para el<strong>Irak<\/strong> y el<strong>Egipto<\/strong>Lo mismo ocurre en el Reino Unido. Aunque las cifras son menos asombrosas, la tendencia es similar. Estas \"<em>overstayers<\/em>\"Suponen un verdadero desaf\u00edo para las autoridades armenias.<\/p>\n\n\n\n<p>A partir de ahora, los nacionales de los tres pa\u00edses afectados deber\u00e1n cumplir un procedimiento m\u00e1s estricto:<\/p>\n\n\n\n<ul class=\"wp-block-list\">\n<li>Presentar la solicitud en una embajada o consulado armenio<\/li>\n\n\n\n<li>Suministro de documentos justificativos (billetes de vuelta, reservas de hotel, etc.)<\/li>\n\n\n\n<li>El tratamiento puede durar varias semanas<\/li>\n<\/ul>\n\n\n\n<figure class=\"wp-block-table\"><table class=\"has-gray-lighter-background-color has-background has-fixed-layout\"><tbody><tr><td>\u201c<em>Se propone expedir visados electr\u00f3nicos a los ciudadanos de estos 3 pa\u00edses que tengan estatus de residentes temporales o permanentes (o un visado de entrada v\u00e1lido) en Estados Unidos, Australia, Nueva Zelanda, Corea, Gran Breta\u00f1a e Irlanda del Norte, Canad\u00e1, Rusia, Jap\u00f3n, la Uni\u00f3n Europea, los pa\u00edses Schengen y los pa\u00edses del Consejo de Cooperaci\u00f3n del Golfo (CCG). A los ciudadanos de estos pa\u00edses tambi\u00e9n se les expedir\u00e1 un visado previa presentaci\u00f3n de un billete de ida y vuelta.<\/em>\"Las autoridades armenias lo justifican.<\/td><\/tr><\/tbody><\/table><\/figure>\n\n\n\n<h3 class=\"wp-block-heading\">Los operadores tur\u00edsticos, en alerta<\/h3>\n\n\n\n<p>Esta medida ha supuesto un jarro de agua fr\u00eda para el sector tur\u00edstico armenio. Las agencias especializadas en acoger a visitantes indios, iraqu\u00edes y egipcios ven su modelo de negocio seriamente amenazado. Algunas temen incluso tener que cerrar sus puertas si la situaci\u00f3n contin\u00faa.<\/p>\n\n\n\n<figure class=\"wp-block-pullquote\"><blockquote><p>\"Es un duro golpe. Los grupos indios representaban una gran parte de mi clientela. Voy a tener que reinventarme\".<\/p><cite>Armen, gu\u00eda tur\u00edstico en Erev\u00e1n<\/cite><\/blockquote><\/figure>\n\n\n\n<p>El gobierno es consciente de lo que est\u00e1 en juego econ\u00f3micamente, pero insiste en que la medida es s\u00f3lo temporal. El tiempo es necesario para poner en marcha un sistema m\u00e1s eficaz de control de los flujos migratorios. Pero en realidad, nadie sabe cu\u00e1nto durar\u00e1 este periodo transitorio.<\/p>\n\n\n\n<h2 class=\"wp-block-heading\">Un debate que divide a la sociedad<\/h2>\n\n\n\n<p>Esta decisi\u00f3n no cuenta con el apoyo un\u00e1nime de la poblaci\u00f3n armenia. Mientras que algunos aplauden con las dos manos, vi\u00e9ndolo como una forma de preservar su identidad nacional, otros est\u00e1n preocupados por las consecuencias econ\u00f3micas y la imagen que proyectar\u00e1 internacionalmente.<\/p>\n\n\n\n<p>\u201c<em>No puede quejarse de la falta de turistas por un lado y cerrar nuestras fronteras por otro.<\/em>\"insiste <strong>Lilit<\/strong>propietaria de un bed and breakfast en el centro de Erev\u00e1n. \"<em>Estos visitantes apoyan a muchas empresas y contribuyen a la econom\u00eda local.<\/em>.\u201d<\/p>\n\n\n\n<h3 class=\"wp-block-heading\">\u00bfHacia una revisi\u00f3n del sistema de migraci\u00f3n?<\/h3>\n\n\n\n<p>M\u00e1s all\u00e1 de esta medida de emergencia, todo el sistema migratorio armenio est\u00e1 siendo cuestionado. El gobierno trabaja actualmente en una reforma en profundidad, destinada a controlar mejor los flujos preservando al mismo tiempo el atractivo del pa\u00eds.<\/p>\n\n\n\n<p>Entre las v\u00edas mencionadas:<\/p>\n\n\n\n<ul class=\"wp-block-list\">\n<li>Introducir un sistema de cuotas por nacionalidad<\/li>\n\n\n\n<li>Controles fronterizos m\u00e1s estrictos<\/li>\n\n\n\n<li>La introducci\u00f3n de un impuesto tur\u00edstico para financiar las instalaciones para visitantes<\/li>\n<\/ul>","protected":false},"excerpt":{"rendered":"<p>Desde el 24 de octubre, ya no es f\u00e1cil para los ciudadanos indios, iraqu\u00edes y egipcios aterrizar en Erev\u00e1n simplemente con un visado electr\u00f3nico. El gobierno ha puesto fin - al menos temporalmente - al sistema de visado electr\u00f3nico para estas 3 nacionalidades, a menos que presenten un visado v\u00e1lido para una regi\u00f3n occidental. Esta decisi\u00f3n, que lleg\u00f3 como ... <a title=\"Armenia dificulta la obtenci\u00f3n del visado electr\u00f3nico para 3 nacionalidades\" class=\"read-more\" href=\"https:\/\/www.visamundi.co\/es\/blog\/larmenie-complique-lobtention-du-e-visa-pour-3-nationalites\/\" aria-label=\"Leer m\u00e1s sobre Armenia dificulta la obtenci\u00f3n del visado electr\u00f3nico para 3 nacionalidades\">Leer el art\u00edculo<\/a><\/p>","protected":false},"author":1,"featured_media":0,"comment_status":"open","ping_status":"closed","sticky":false,"template":"","format":"standard","meta":{"_acf_changed":false,"_sitemap_exclude":false,"_sitemap_priority":"","_sitemap_frequency":"","footnotes":""},"categories":[25],"tags":[151],"class_list":["post-7019233","post","type-post","status-publish","format-standard","hentry","category-europe","tag-armenie"],"acf":[],"_links":{"self":[{"href":"https:\/\/www.visamundi.co\/es\/wp-json\/wp\/v2\/posts\/7019233","targetHints":{"allow":["GET"]}}],"collection":[{"href":"https:\/\/www.visamundi.co\/es\/wp-json\/wp\/v2\/posts"}],"about":[{"href":"https:\/\/www.visamundi.co\/es\/wp-json\/wp\/v2\/types\/post"}],"author":[{"embeddable":true,"href":"https:\/\/www.visamundi.co\/es\/wp-json\/wp\/v2\/users\/1"}],"replies":[{"embeddable":true,"href":"https:\/\/www.visamundi.co\/es\/wp-json\/wp\/v2\/comments?post=7019233"}],"version-history":[{"count":2,"href":"https:\/\/www.visamundi.co\/es\/wp-json\/wp\/v2\/posts\/7019233\/revisions"}],"predecessor-version":[{"id":7019235,"href":"https:\/\/www.visamundi.co\/es\/wp-json\/wp\/v2\/posts\/7019233\/revisions\/7019235"}],"wp:attachment":[{"href":"https:\/\/www.visamundi.co\/es\/wp-json\/wp\/v2\/media?parent=7019233"}],"wp:term":[{"taxonomy":"category","embeddable":true,"href":"https:\/\/www.visamundi.co\/es\/wp-json\/wp\/v2\/categories?post=7019233"},{"taxonomy":"post_tag","embeddable":true,"href":"https:\/\/www.visamundi.co\/es\/wp-json\/wp\/v2\/tags?post=7019233"}],"curies":[{"name":"wp","href":"https:\/\/api.w.org\/{rel}","templated":true}]}}