{"id":7019389,"date":"2024-12-12T15:58:07","date_gmt":"2024-12-12T14:58:07","guid":{"rendered":"https:\/\/www.visamundi.co\/?p=7019389"},"modified":"2024-12-12T15:58:38","modified_gmt":"2024-12-12T14:58:38","slug":"pronto-se-introducira-un-impuesto-turistico-general-en-las-islas-canarias","status":"publish","type":"post","link":"https:\/\/www.visamundi.co\/es\/blog\/bientot-une-taxe-touristique-generalisee-aux-iles-canaries\/","title":{"rendered":"\u00bfHabr\u00e1 pronto un impuesto tur\u00edstico general en las Islas Canarias?"},"content":{"rendered":"<p>El municipio de <strong>Mog\u00e1n<\/strong>situada a 93 kil\u00f3metros de Las Palmas, en la isla de Gran Canaria, acaba de anunciar la introducci\u00f3n de una tasa tur\u00edstica a partir de enero de 2025. Una primicia en el archipi\u00e9lago espa\u00f1ol que bien podr\u00eda emularse.<\/p>\n\n\n\n<p>\u00bfCu\u00e1nto cuesta? Una modesta suma de <strong>15 c\u00e9ntimos de euro por persona y d\u00eda<\/strong>. En otras palabras, nada comparado con los impuestos vigentes en Barcelona o las Islas Baleares. Pero no se equivoque: esta decisi\u00f3n est\u00e1 lejos de ser insignificante.<\/p>\n\n\n\n<h2 class=\"wp-block-heading\">\u00bfPor qu\u00e9 ahora?<\/h2>\n\n\n\n<figure class=\"wp-block-pullquote\"><blockquote><p>Est\u00e1n hartos de tener que soportar el esfuerzo econ\u00f3mico adicional que la autoridad local tiene que hacer para mantener en \u00f3ptimas condiciones los servicios, los espacios p\u00fablicos y las infraestructuras tur\u00edsticas. Por no hablar de la necesidad de crear nuevas instalaciones para seguir siendo competitivos.<\/p><cite>La alcaldesa de Mog\u00e1n, Onalia Bueno<\/cite><\/blockquote><\/figure>\n\n\n\n<p>Los nervios de la guerra: el dinero, por supuesto. <strong>El municipio estima en 2,7 millones de euros la p\u00e9rdida de ingresos debida a la afluencia de turistas<\/strong>. Una suma considerable para una peque\u00f1a ciudad de 20.000 habitantes, que ve aumentar su poblaci\u00f3n en casi 45% en temporada alta.<\/p>\n\n\n\n<figure class=\"wp-block-embed is-type-video is-provider-youtube wp-block-embed-youtube wp-embed-aspect-16-9 wp-has-aspect-ratio\"><div class=\"wp-block-embed__wrapper\">\n<div class=\"entry-content-asset\"><iframe title=\"ISLAS CANARIAS \ud83c\uddea\ud83c\uddf8 PUERTO MOGAN: Visito un t\u00edpico pueblo espa\u00f1ol en las monta\u00f1as\" width=\"1156\" height=\"650\" src=\"https:\/\/www.youtube.com\/embed\/Dc3RibSgoCE?feature=oembed\" frameborder=\"0\" allow=\"accelerometer; autoplay; clipboard-write; encrypted-media; gyroscope; picture-in-picture; web-share\" referrerpolicy=\"strict-origin-when-cross-origin\" allowfullscreen><\/iframe><\/div>\n<\/div><\/figure>\n\n\n\n<p><\/p>\n\n\n\n<h2 class=\"wp-block-heading\">\u00bfQui\u00e9n pagar\u00e1 la factura?<\/h2>\n\n\n\n<p>Sorpresa: \u00a1a todos! A diferencia de otros destinos que s\u00f3lo se dirigen a los visitantes extranjeros, el impuesto de Mog\u00e1n se aplicar\u00e1 a todos los turistas, <span style=\"text-decoration: underline;\">tanto si proceden del continente como de las islas vecinas<\/span>. Una decisi\u00f3n que probablemente har\u00e1 estremecerse a algunos habitantes de la zona.<\/p>\n\n\n\n<p>Los propietarios de alojamientos tur\u00edsticos ser\u00e1n responsables de recaudar el impuesto y pagarlo al ayuntamiento cada 6 meses. Esto podr\u00eda suponer un quebradero de cabeza administrativo para los hoteleros y quienes alquilen alojamientos amueblados.<\/p>\n\n\n\n<h2 class=\"wp-block-heading\">\u00bfUn efecto domin\u00f3?<\/h2>\n\n\n\n<p>La pregunta en boca de todos: <em>\u00bfSeguir\u00e1n a Mog\u00e1n otros municipios canarios? <\/em>Por el momento, nada es menos seguro. Pero el precedente est\u00e1 sentado y bien podr\u00eda ser emulado.<\/p>\n\n\n\n<p>Sobre todo teniendo en cuenta que el turismo contribuye en gran medida a la econom\u00eda del archipi\u00e9lago: <strong>35,5% del PIB en 2023, es decir, casi 20.000 millones de euros<\/strong>. Es una ganancia inesperada que no siempre beneficia a las ciudades y pueblos que acogen a los visitantes.<\/p>\n\n\n\n<h3 class=\"wp-block-heading\">El quebradero de cabeza legal<\/h3>\n\n\n\n<p>Aqu\u00ed hay una peque\u00f1a sutileza: los municipios espa\u00f1oles no tienen potestad para imponer una tasa tur\u00edstica como tal. Por tanto, Mog\u00e1n ha tenido que enga\u00f1arlos para que presenten esta contribuci\u00f3n como una tasa por servicios locales. Un juego de manos jur\u00eddico que bien podr\u00eda ser impugnado.<\/p>\n\n\n\n<figure class=\"wp-block-table\"><table class=\"has-gray-lighter-background-color has-background has-fixed-layout\"><tbody><tr><td><strong>Cifras que hacen pensar :<br><\/strong>- 375.828: el n\u00famero medio de turistas que visitar\u00e1n Canarias cada mes en 2024<br>- 3.8%: aumento del n\u00famero de pasajeros con respecto a 2023<br>- 494.149: r\u00e9cord de visitantes alcanzado en marzo de 2024<\/td><\/tr><\/tbody><\/table><\/figure>\n\n\n\n<p><em>Estas cifras atestiguan el creciente atractivo del archipi\u00e9lago. Pero, \u00bfdurante cu\u00e1nto tiempo podr\u00e1 mantener el ritmo la infraestructura?<\/em><\/p>\n\n\n\n<h3 class=\"wp-block-heading\">El espectro del sobreturismo<\/h3>\n\n\n\n<p>Detr\u00e1s de esta decisi\u00f3n se esconde una preocupaci\u00f3n creciente: la <strong>sobreturismo<\/strong>. Las protestas espor\u00e1dicas contra la afluencia de visitantes se multiplican en Espa\u00f1a, y las Islas Canarias no son una excepci\u00f3n.<\/p>\n\n\n\n<p>El impuesto Mog\u00e1n se presenta como un medio para financiar un turismo m\u00e1s sostenible. Pero, \u00bfser\u00e1 suficiente para aliviar las tensiones entre aut\u00f3ctonos y veraneantes?<\/p>\n\n\n\n<figure class=\"wp-block-pullquote\"><blockquote><p>Valencia ya ha dado el paso, con un impuesto que oscila entre 0,50 y 2 euros por noche. Y la lista de ciudades europeas que planean introducir una tasa tur\u00edstica para 2025 no deja de crecer.<\/p><\/blockquote><\/figure>\n\n\n\n<p>Para los alcaldes de Canarias, la ecuaci\u00f3n es compleja. \u00bfC\u00f3mo pueden mantener el atractivo de su destino y garantizar al mismo tiempo un desarrollo armonioso? La tasa tur\u00edstica parece una soluci\u00f3n atractiva, pero tambi\u00e9n entra\u00f1a riesgos.<\/p>","protected":false},"excerpt":{"rendered":"<p>El municipio de Mog\u00e1n, a 93 kil\u00f3metros de Las Palmas en la isla de Gran Canaria, acaba de anunciar la implantaci\u00f3n de una tasa tur\u00edstica a partir de enero de 2025. Una primicia en el archipi\u00e9lago espa\u00f1ol que bien podr\u00eda emularse. \u00bfCu\u00e1nto costar\u00e1? Unos modestos 15 c\u00e9ntimos de euro por persona y d\u00eda. En otras palabras... <a title=\"\u00bfHabr\u00e1 pronto un impuesto tur\u00edstico general en las Islas Canarias?\" class=\"read-more\" href=\"https:\/\/www.visamundi.co\/es\/blog\/bientot-une-taxe-touristique-generalisee-aux-iles-canaries\/\" aria-label=\"Leer m\u00e1s sobre \u00bfPronto habr\u00e1 una tasa tur\u00edstica general en Canarias?\">Leer el art\u00edculo<\/a><\/p>","protected":false},"author":1,"featured_media":7019390,"comment_status":"open","ping_status":"closed","sticky":false,"template":"","format":"standard","meta":{"_acf_changed":false,"_sitemap_exclude":false,"_sitemap_priority":"","_sitemap_frequency":"","footnotes":""},"categories":[25],"tags":[66],"class_list":["post-7019389","post","type-post","status-publish","format-standard","has-post-thumbnail","hentry","category-europe","tag-espagne"],"acf":[],"_links":{"self":[{"href":"https:\/\/www.visamundi.co\/es\/wp-json\/wp\/v2\/posts\/7019389","targetHints":{"allow":["GET"]}}],"collection":[{"href":"https:\/\/www.visamundi.co\/es\/wp-json\/wp\/v2\/posts"}],"about":[{"href":"https:\/\/www.visamundi.co\/es\/wp-json\/wp\/v2\/types\/post"}],"author":[{"embeddable":true,"href":"https:\/\/www.visamundi.co\/es\/wp-json\/wp\/v2\/users\/1"}],"replies":[{"embeddable":true,"href":"https:\/\/www.visamundi.co\/es\/wp-json\/wp\/v2\/comments?post=7019389"}],"version-history":[{"count":4,"href":"https:\/\/www.visamundi.co\/es\/wp-json\/wp\/v2\/posts\/7019389\/revisions"}],"predecessor-version":[{"id":7019395,"href":"https:\/\/www.visamundi.co\/es\/wp-json\/wp\/v2\/posts\/7019389\/revisions\/7019395"}],"wp:featuredmedia":[{"embeddable":true,"href":"https:\/\/www.visamundi.co\/es\/wp-json\/wp\/v2\/media\/7019390"}],"wp:attachment":[{"href":"https:\/\/www.visamundi.co\/es\/wp-json\/wp\/v2\/media?parent=7019389"}],"wp:term":[{"taxonomy":"category","embeddable":true,"href":"https:\/\/www.visamundi.co\/es\/wp-json\/wp\/v2\/categories?post=7019389"},{"taxonomy":"post_tag","embeddable":true,"href":"https:\/\/www.visamundi.co\/es\/wp-json\/wp\/v2\/tags?post=7019389"}],"curies":[{"name":"wp","href":"https:\/\/api.w.org\/{rel}","templated":true}]}}