{"id":7019397,"date":"2024-12-13T08:54:00","date_gmt":"2024-12-13T07:54:00","guid":{"rendered":"https:\/\/www.visamundi.co\/?p=7019397"},"modified":"2024-12-12T16:56:14","modified_gmt":"2024-12-12T15:56:14","slug":"venecia-duplica-su-tasa-turistica-para-2025-y-espera-frenar-de-una-vez-el-turismo-excesivo","status":"publish","type":"post","link":"https:\/\/www.visamundi.co\/es\/blog\/venise-double-sa-taxe-touristique-en-2025-et-espere-enfin-endiguer-le-surtourisme\/","title":{"rendered":"Venecia duplica su tasa tur\u00edstica para 2025 y espera frenar por fin el turismo excesivo"},"content":{"rendered":"<p>A partir de 2025, <a href=\"https:\/\/www.visamundi.co\/es\/blog\/impuesto-de-venecia\/\">el <em>Ciudad de los Dogos<\/em> duplicar\u00e1 su tasa tur\u00edstica<\/a>haci\u00e9ndolo <strong>De 5 a 10 euros por visitante<\/strong>. Una decisi\u00f3n que seguramente har\u00e1 olas en el mundo del turismo y m\u00e1s all\u00e1.<\/p>\n\n\n\n<h2 class=\"wp-block-heading\">Un calendario apretado y subidas de precios<\/h2>\n\n\n\n<p>El Ayuntamiento de Venecia, bajo el impulso del alcalde <strong>Luigi Brugnaro<\/strong>El pasado mes de octubre, la Comisi\u00f3n Europea desvel\u00f3 las l\u00edneas generales de esta nueva pol\u00edtica de precios. La duplicaci\u00f3n de la tasa a 10 euros s\u00f3lo se aplicar\u00e1 a los visitantes de un d\u00eda que reserven con menos de 4 d\u00edas de antelaci\u00f3n a su llegada. Y lo que es a\u00fan m\u00e1s sorprendente, la ciudad ampl\u00eda considerablemente el periodo durante el cual se aplicar\u00e1 la tasa.<\/p>\n\n\n\n<figure class=\"wp-block-pullquote\"><blockquote><p>En 2025, se tratar\u00e1 de no menos de 54 d\u00edas, frente a los 29 actuales.<\/p><\/blockquote><\/figure>\n\n\n\n<p>El nuevo sistema entrar\u00e1 en vigor el 18 de abril de 2025, con una fase inicial que durar\u00e1 hasta el 4 de mayo. Despu\u00e9s continuar\u00e1 hasta finales de julio, principalmente los fines de semana (incluidos los viernes) y los d\u00edas festivos. Esta ampliaci\u00f3n refleja el deseo de las autoridades venecianas de repartir la presi\u00f3n tur\u00edstica de forma m\u00e1s uniforme a lo largo del a\u00f1o.<\/p>\n\n\n\n<p>Este aumento, lejos de ser insignificante, forma parte de una estrategia m\u00e1s amplia destinada a frenar la afluencia masiva de turistas que desbordan cada a\u00f1o los canales y plazas de la ciudad. Con casi <strong>30 millones de visitantes anuales para s\u00f3lo 50.000 residentes permanentes<\/strong>Venecia se ahoga bajo el peso de su propia popularidad.<\/p>\n\n\n\n<h2 class=\"wp-block-heading\">El dilema veneciano<\/h2>\n\n\n\n<p>El impuesto plantea dudas sobre su eficacia real. Los expertos siguen mostr\u00e1ndose esc\u00e9pticos: <em>\u00bfBastar\u00e1 un impuesto de 10 euros para disuadir a las hordas de visitantes decididos a inmortalizar su visita a la Plaza de San Marcos?<\/em><\/p>\n\n\n\n<p>El alcalde de Venecia, Luigi Brugnaro, defiende esta iniciativa con u\u00f1as y dientes. La considera un paso necesario hacia una gesti\u00f3n m\u00e1s sostenible del turismo. El objetivo es claro: reducir el n\u00famero de visitantes diarios al tiempo que se fomentan estancias m\u00e1s largas y m\u00e1s respetuosas con la ciudad y sus habitantes.<\/p>\n\n\n\n<h3 class=\"wp-block-heading\">\u00bfUna gota en el oc\u00e9ano?<\/h3>\n\n\n\n<p>Y sin embargo, hay cr\u00edticos. Algunos observadores se\u00f1alan con el dedo la insuficiencia de esta medida ante la magnitud del reto. <strong>Jane da Mosto<\/strong>director de la ONG <em><strong><a href=\"https:\/\/www.weareherevenice.org\/\" target=\"_blank\" rel=\"noreferrer noopener nofollow\">Estamos aqu\u00ed Venecia<\/a><\/strong><\/em>cree que este impuesto s\u00f3lo ara\u00f1ar\u00e1 la superficie del problema. En su opini\u00f3n, s\u00f3lo una revisi\u00f3n completa del modelo tur\u00edstico veneciano podr\u00eda aportar una soluci\u00f3n duradera.<\/p>\n\n\n\n<p>El debate en torno a este impuesto pone de relieve el delicado equilibrio entre la conservaci\u00f3n del patrimonio y la vitalidad econ\u00f3mica. Venecia, Patrimonio Mundial de la UNESCO, se encuentra en una encrucijada. Por un lado, la necesidad de proteger su patrimonio arquitect\u00f3nico y cultural \u00fanico. Por otro, la dependencia econ\u00f3mica del turismo, que representa una considerable ganancia financiera para la ciudad.<\/p>\n\n\n\n<p>M\u00e1s all\u00e1 de sus fronteras, Venecia bien podr\u00eda convertirse en un caso de libro de texto para otros destinos que se enfrentan al turismo excesivo. Desde Barcelona hasta \u00c1msterdam y Dubrovnik, muchas ciudades est\u00e1n vigilando de cerca la experiencia veneciana.<\/p>","protected":false},"excerpt":{"rendered":"<p>A partir de 2025, la Ciudad de los Dogos duplicar\u00e1 su tasa tur\u00edstica de 5 a 10 euros por visitante. Una decisi\u00f3n que sin duda provocar\u00e1 conmociones en el mundo del turismo y m\u00e1s all\u00e1. Un calendario apretado y un aumento de las tasas El Ayuntamiento de Venecia, bajo el impulso del alcalde ... <a title=\"Venecia duplica su tasa tur\u00edstica para 2025 y espera frenar por fin el turismo excesivo\" class=\"read-more\" href=\"https:\/\/www.visamundi.co\/es\/blog\/venise-double-sa-taxe-touristique-en-2025-et-espere-enfin-endiguer-le-surtourisme\/\" aria-label=\"Leer m\u00e1s sobre Venecia duplica su impuesto tur\u00edstico para 2025 y espera frenar por fin el turismo excesivo\">Leer el art\u00edculo<\/a><\/p>","protected":false},"author":1,"featured_media":7019398,"comment_status":"open","ping_status":"closed","sticky":false,"template":"","format":"standard","meta":{"_acf_changed":false,"_sitemap_exclude":false,"_sitemap_priority":"","_sitemap_frequency":"","footnotes":""},"categories":[25],"tags":[157],"class_list":["post-7019397","post","type-post","status-publish","format-standard","has-post-thumbnail","hentry","category-europe","tag-italie"],"acf":[],"_links":{"self":[{"href":"https:\/\/www.visamundi.co\/es\/wp-json\/wp\/v2\/posts\/7019397","targetHints":{"allow":["GET"]}}],"collection":[{"href":"https:\/\/www.visamundi.co\/es\/wp-json\/wp\/v2\/posts"}],"about":[{"href":"https:\/\/www.visamundi.co\/es\/wp-json\/wp\/v2\/types\/post"}],"author":[{"embeddable":true,"href":"https:\/\/www.visamundi.co\/es\/wp-json\/wp\/v2\/users\/1"}],"replies":[{"embeddable":true,"href":"https:\/\/www.visamundi.co\/es\/wp-json\/wp\/v2\/comments?post=7019397"}],"version-history":[{"count":1,"href":"https:\/\/www.visamundi.co\/es\/wp-json\/wp\/v2\/posts\/7019397\/revisions"}],"predecessor-version":[{"id":7019399,"href":"https:\/\/www.visamundi.co\/es\/wp-json\/wp\/v2\/posts\/7019397\/revisions\/7019399"}],"wp:featuredmedia":[{"embeddable":true,"href":"https:\/\/www.visamundi.co\/es\/wp-json\/wp\/v2\/media\/7019398"}],"wp:attachment":[{"href":"https:\/\/www.visamundi.co\/es\/wp-json\/wp\/v2\/media?parent=7019397"}],"wp:term":[{"taxonomy":"category","embeddable":true,"href":"https:\/\/www.visamundi.co\/es\/wp-json\/wp\/v2\/categories?post=7019397"},{"taxonomy":"post_tag","embeddable":true,"href":"https:\/\/www.visamundi.co\/es\/wp-json\/wp\/v2\/tags?post=7019397"}],"curies":[{"name":"wp","href":"https:\/\/api.w.org\/{rel}","templated":true}]}}