{"id":7019592,"date":"2025-02-04T13:46:02","date_gmt":"2025-02-04T12:46:02","guid":{"rendered":"https:\/\/www.visamundi.co\/?p=7019592"},"modified":"2025-02-04T13:46:08","modified_gmt":"2025-02-04T12:46:08","slug":"un-visado-liptako-y-un-pasaporte-comun-para-los-paises-laes","status":"publish","type":"post","link":"https:\/\/www.visamundi.co\/es\/blog\/un-visa-liptako-et-un-passeport-commun-pour-les-pays-de-laes\/","title":{"rendered":"Un \"visado Liptako\" y un pasaporte com\u00fan para los pa\u00edses de la AEE"},"content":{"rendered":"<p>Las \u00faltimas noticias llegan del Sahel, una regi\u00f3n en la que se est\u00e1n redefiniendo las fronteras, las identidades y las alianzas. En el centro de estos cambios, <strong>la Alianza de Estados del Sahel (AES), formada por Burkina Faso, Mal\u00ed y N\u00edger,<\/strong> destaca por una iniciativa audaz: <strong>la creaci\u00f3n de un visado \u00fanico, denominado \"visado Liptako\".<\/strong>. Este proyecto, desvelado tras una reuni\u00f3n de expertos en Bamako a principios de febrero de 2025, marca una clara voluntad de facilitar la movilidad dentro de la alianza, pero tambi\u00e9n de enviar una se\u00f1al clara sobre su independencia de la Comunidad Econ\u00f3mica de los Estados de \u00c1frica Occidental (CEDEAO).<\/p>\n\n\n\n<h2 class=\"wp-block-heading\">El contexto: ruptura con el pasado y deseo de cooperaci\u00f3n<\/h2>\n\n\n\n<p>Esta iniciativa no es aislada. Se produce en un contexto de crecientes tensiones con la CEDEAO, tras la retirada efectiva de Burkina Faso, Mal\u00ed y N\u00edger de la organizaci\u00f3n el 29 de febrero.<\/p>\n\n\n\n<figure class=\"wp-block-embed is-type-rich is-provider-twitter wp-block-embed-twitter\"><div class=\"wp-block-embed__wrapper\">\n<div class=\"entry-content-asset\"><blockquote class=\"twitter-tweet\" data-width=\"550\" data-dnt=\"true\"><p lang=\"fr\" dir=\"ltr\"><a href=\"https:\/\/twitter.com\/hashtag\/AES?src=hash&amp;ref_src=twsrc%5Etfw\">#AES<\/a> \ud83c\udde7\ud83c\uddeb\ud83c\uddf2\ud83c\uddf1\ud83c\uddf3\ud83c\uddea<br>En camino hacia la introducci\u00f3n del visado ESA Liptako: un importante paso adelante para la integraci\u00f3n regional. \ud83d\udc4f\ud83d\udc4f\ud83d\udc4f<br>Expertos de la Confederaci\u00f3n de Estados del Sahel (AES) se reunieron en Bamako los d\u00edas 1 y 2 de febrero de 2025. <a href=\"https:\/\/t.co\/zYfnhYOKe2\">pic.twitter.com\/zYfnhYOKe2<\/a><\/p>- Liptako Noticias (@LiptakoNews) <a href=\"https:\/\/twitter.com\/LiptakoNews\/status\/1886367602714218830?ref_src=twsrc%5Etfw\">3 de febrero de 2025<\/a><\/blockquote><script async src=\"https:\/\/platform.twitter.com\/widgets.js\" charset=\"utf-8\"><\/script><\/div>\n<\/div><\/figure>\n\n\n\n<p>Esta salida, motivada por un sentimiento de instrumentalizaci\u00f3n de la CEDEAO por parte de Francia, no impide que los pa\u00edses del AOM deseen mantener ciertos aspectos de la cooperaci\u00f3n regional. As\u00ed, a pesar de su retirada de la CEDEAO, estos pa\u00edses desean mantener la <strong>libre circulaci\u00f3n para los ciudadanos de la CEDEAO que deseen entrar en su territorio<\/strong>.<\/p>\n\n\n\n<p>Por su parte, la CEDEAO est\u00e1 adoptando un enfoque similar para limitar los trastornos econ\u00f3micos y sociales durante este periodo de transici\u00f3n. <strong>Es importante se\u00f1alar que el 14 de diciembre de 2024, los pa\u00edses de la AEE anunciaron que estaban \"<em><a href=\"https:\/\/www.anp.ne\/espace-aes-pas-de-visa-pour-les-ressortissants-de-la-cedeao\/\" target=\"_blank\" rel=\"noreferrer noopener nofollow\">una zona sin visados para todos los nacionales<\/a><\/em>\"de la CEDEAO<\/strong>. Este anuncio se hizo al mismo tiempo que se reun\u00edan los jefes de Estado de la subregi\u00f3n. Esta pol\u00edtica fue confirmada por el presidente de la Confederaci\u00f3n de Estados del Sahel (AES), Assimi Go\u00efta. En otras palabras, los ciudadanos de la CEDEAO no necesitan visado para entrar o salir de la zona de la AES.<\/p>\n\n\n\n<h2 class=\"wp-block-heading\">El \"visado Liptako\": algo m\u00e1s que un documento de viaje<\/h2>\n\n\n\n<p>El \"visado Liptako\", cuyo modelo se propuso durante los debates de Bamako, incluye una opci\u00f3n de <strong>visado electr\u00f3nico expedido en l\u00ednea<\/strong>. Esta desmaterializaci\u00f3n de los tr\u00e1mites pretende simplificar el acceso a los pa\u00edses de la AEE, no s\u00f3lo para sus propios nacionales, sino tambi\u00e9n para los viajeros extranjeros y los ciudadanos de los pa\u00edses vecinos. La ambici\u00f3n es clara: <strong>estimular el comercio, atraer inversiones, desarrollar el turismo y reforzar la cooperaci\u00f3n con el resto del mundo<\/strong>. As\u00ed que es algo m\u00e1s que una cuesti\u00f3n de formalidades de viaje. El \"visado Liptako\" se est\u00e1 convirtiendo en una herramienta para el desarrollo y la integraci\u00f3n regional.<\/p>\n\n\n\n<p>Sin embargo, hay varias razones para ello, <strong>no hay que olvidar que los pa\u00edses de la AEE se reservan el derecho de denegar la entrada a cualquier nacional de la CEDEAO considerado \"inmigrante inadmisible\".<\/strong>. No se han especificado los criterios exactos de esta inelegibilidad, lo que plantea interrogantes sobre su aplicaci\u00f3n y su posible impacto en la movilidad dentro de la regi\u00f3n.<\/p>\n\n\n\n<h3 class=\"wp-block-heading\">Una situaci\u00f3n de seguridad preocupante y su impacto en el turismo<\/h3>\n\n\n\n<p>Sin embargo, el entusiasmo generado por esta iniciativa debe matizarse por el contexto de seguridad en la regi\u00f3n. <strong><a href=\"https:\/\/www.diplomatie.gouv.fr\/fr\/conseils-aux-voyageurs\/informations-pratiques\/article\/securite-au-sahel-07-08-2023\" target=\"_blank\" rel=\"noreferrer noopener nofollow\">El Sahel est\u00e1 clasificado como \"zona roja\" por varios pa\u00edses, entre ellos Francia<\/a>Estados Unidos y Canad\u00e1<\/strong>.<\/p>\n\n\n\n<p>La introducci\u00f3n del \"visado Liptako\" va acompa\u00f1ada de otras medidas, entre ellas <strong>la introducci\u00f3n del pasaporte AES<\/strong>. Este pasaporte com\u00fan, junto con el visado \u00fanico, demuestra la determinaci\u00f3n de la AEE de construir una identidad y una soberan\u00eda regionales. Simbolizan un paso hacia una integraci\u00f3n m\u00e1s profunda, una \"confederaci\u00f3n\" anunciada para julio de 2024.<\/p>\n\n\n\n<figure class=\"wp-block-image aligncenter size-full\"><img decoding=\"async\" width=\"680\" height=\"478\" src=\"https:\/\/www.visamundi.co\/wp-content\/uploads\/2025\/02\/paseport-aes.jpg\" alt=\"\" class=\"wp-image-7019595\" srcset=\"https:\/\/www.visamundi.co\/wp-content\/uploads\/2025\/02\/paseport-aes.jpg 680w, https:\/\/www.visamundi.co\/wp-content\/uploads\/2025\/02\/paseport-aes-300x211.jpg 300w, https:\/\/www.visamundi.co\/wp-content\/uploads\/2025\/02\/paseport-aes-18x12.jpg 18w\" sizes=\"(max-width: 680px) 100vw, 680px\" \/><figcaption class=\"wp-element-caption\">El futuro pasaporte AES, a trav\u00e9s de <strong>Bamada.net<\/strong><\/figcaption><\/figure>\n\n\n\n<p>Es importante destacar que <strong>los veh\u00edculos matriculados en un pa\u00eds de la CEDEAO pueden circular por la zona AES<\/strong>. Esto se aplica tanto a los turismos como a los veh\u00edculos comerciales de pasajeros.<\/p>\n\n\n\n<figure class=\"wp-block-embed is-type-video is-provider-youtube wp-block-embed-youtube wp-embed-aspect-16-9 wp-has-aspect-ratio\"><div class=\"wp-block-embed__wrapper\">\n<div class=\"entry-content-asset\"><iframe title=\"El pasaporte AES, \u00bfun nuevo impulso para la unidad regional?\" width=\"1156\" height=\"650\" src=\"https:\/\/www.youtube.com\/embed\/ZbAYzp3-YwQ?feature=oembed\" frameborder=\"0\" allow=\"accelerometer; autoplay; clipboard-write; encrypted-media; gyroscope; picture-in-picture; web-share\" referrerpolicy=\"strict-origin-when-cross-origin\" allowfullscreen><\/iframe><\/div>\n<\/div><\/figure>\n\n\n\n<p>Este enfoque pragm\u00e1tico refleja el deseo de mantener el comercio con la CEDEAO, a pesar de la ruptura pol\u00edtica.<\/p>","protected":false},"excerpt":{"rendered":"<p>Las \u00faltimas noticias llegan del Sahel, una regi\u00f3n en la que se est\u00e1n redefiniendo fronteras, identidades y alianzas. En el centro de estos cambios, la Alianza de Estados del Sahel (AES), formada por Burkina Faso, Mal\u00ed y N\u00edger, destaca por una audaz iniciativa: la creaci\u00f3n de un visado \u00fanico, bautizado como \"visado Liptako\". ... <a title=\"Un &quot;visado Liptako&quot; y un pasaporte com\u00fan para los pa\u00edses de la AEE\" class=\"read-more\" href=\"https:\/\/www.visamundi.co\/es\/blog\/un-visa-liptako-et-un-passeport-commun-pour-les-pays-de-laes\/\" aria-label=\"Leer m\u00e1s sobre Un &quot;visado Liptako&quot; y un pasaporte com\u00fan para los pa\u00edses de la AEE\">Leer el art\u00edculo<\/a><\/p>","protected":false},"author":1,"featured_media":7019593,"comment_status":"open","ping_status":"closed","sticky":false,"template":"","format":"standard","meta":{"_acf_changed":false,"_sitemap_exclude":false,"_sitemap_priority":"","_sitemap_frequency":"","footnotes":""},"categories":[23],"tags":[110,62],"class_list":["post-7019592","post","type-post","status-publish","format-standard","has-post-thumbnail","hentry","category-afrique","tag-burkina-faso","tag-niger"],"acf":[],"_links":{"self":[{"href":"https:\/\/www.visamundi.co\/es\/wp-json\/wp\/v2\/posts\/7019592","targetHints":{"allow":["GET"]}}],"collection":[{"href":"https:\/\/www.visamundi.co\/es\/wp-json\/wp\/v2\/posts"}],"about":[{"href":"https:\/\/www.visamundi.co\/es\/wp-json\/wp\/v2\/types\/post"}],"author":[{"embeddable":true,"href":"https:\/\/www.visamundi.co\/es\/wp-json\/wp\/v2\/users\/1"}],"replies":[{"embeddable":true,"href":"https:\/\/www.visamundi.co\/es\/wp-json\/wp\/v2\/comments?post=7019592"}],"version-history":[{"count":2,"href":"https:\/\/www.visamundi.co\/es\/wp-json\/wp\/v2\/posts\/7019592\/revisions"}],"predecessor-version":[{"id":7019598,"href":"https:\/\/www.visamundi.co\/es\/wp-json\/wp\/v2\/posts\/7019592\/revisions\/7019598"}],"wp:featuredmedia":[{"embeddable":true,"href":"https:\/\/www.visamundi.co\/es\/wp-json\/wp\/v2\/media\/7019593"}],"wp:attachment":[{"href":"https:\/\/www.visamundi.co\/es\/wp-json\/wp\/v2\/media?parent=7019592"}],"wp:term":[{"taxonomy":"category","embeddable":true,"href":"https:\/\/www.visamundi.co\/es\/wp-json\/wp\/v2\/categories?post=7019592"},{"taxonomy":"post_tag","embeddable":true,"href":"https:\/\/www.visamundi.co\/es\/wp-json\/wp\/v2\/tags?post=7019592"}],"curies":[{"name":"wp","href":"https:\/\/api.w.org\/{rel}","templated":true}]}}