{"id":7020875,"date":"2025-07-21T15:22:42","date_gmt":"2025-07-21T13:22:42","guid":{"rendered":"https:\/\/www.visamundi.co\/?p=7020875"},"modified":"2025-07-21T15:22:54","modified_gmt":"2025-07-21T13:22:54","slug":"la-union-europea-simplifica-los-requisitos-del-visado-schengen-para-los-turcos","status":"publish","type":"post","link":"https:\/\/www.visamundi.co\/es\/blog\/lunion-europeenne-simplifie-lobtention-de-visas-schengen-pour-les-turcs\/","title":{"rendered":"La Uni\u00f3n Europea facilita a los turcos la obtenci\u00f3n de visados Schengen"},"content":{"rendered":"<p>La Comisi\u00f3n Europea ha distribuido a los Estados miembros de la UE un nuevo marco destinado a <strong>simplificar y agilizar los procedimientos de visado Schengen para los nacionales turcos<\/strong>El anuncio lo hizo el 18 de julio el ministro turco de Comercio, Omer Bolat. Se trata de una decisi\u00f3n importante tras a\u00f1os de dificultades de los ciudadanos turcos para obtener estos visados.<\/p>\n\n\n\n<figure class=\"wp-block-embed is-type-rich is-provider-twitter wp-block-embed-twitter\"><div class=\"wp-block-embed__wrapper\">\n<div class=\"entry-content-asset\"><blockquote class=\"twitter-tweet\" data-width=\"550\" data-dnt=\"true\"><p lang=\"tr\" dir=\"ltr\">T\u00fcrk Vatanda\u015flar\u0131na \u00c7ok Giri\u015fli Schengen Vizesi Al\u0131m\u0131nda Kolayl\u0131k Sa\u011flanmas\u0131na Y\u00f6nelik AB Komisyonunun \"C(2025) 4694\" Say\u0131l\u0131 Karar\u0131 Hakk\u0131nda Bas\u0131n A\u00e7\u0131klamas\u0131<br><br>(18.07.2025) <a href=\"https:\/\/t.co\/YJshFZ7v8s\">pic.twitter.com\/YJshFZ7v8s<\/a><\/p>- T.C. Ticaret Bakanl\u0131\u011f\u0131 (@ticaret) <a href=\"https:\/\/twitter.com\/ticaret\/status\/1946194182554464573?ref_src=twsrc%5Etfw\">18 de julio de 2025<\/a><\/blockquote><script async src=\"https:\/\/platform.twitter.com\/widgets.js\" charset=\"utf-8\"><\/script><\/div>\n<\/div><\/figure>\n\n\n\n<h2 class=\"wp-block-heading\">Un sistema progresivo para los visados de larga duraci\u00f3n<\/h2>\n\n\n\n<p>El nuevo procedimiento introduce un <strong>sistema progresivo<\/strong> permitiendo a los ciudadanos turcos obtener visados Schengen de larga duraci\u00f3n y entradas m\u00faltiples. Seg\u00fan el ministro Bolat, los solicitantes que ya hayan sido titulares de visados, hayan viajado regularmente por la UE y hayan regresado a Turqu\u00eda sin cometer ning\u00fan delito podr\u00e1n beneficiarse de per\u00edodos de visado cada vez m\u00e1s largos: <strong>inicialmente hasta seis meses, luego un a\u00f1o, 2 a\u00f1os, y potencialmente hasta 3 y 5 a\u00f1os en fases posteriores<\/strong>. El Ministerio de Asuntos Exteriores turco acogi\u00f3 con satisfacci\u00f3n esta decisi\u00f3n de aplicaci\u00f3n, fechada el 15 de julio de 2025, como una mejora del r\u00e9gimen de visados Schengen.<\/p>\n\n\n\n<p>El ministro Bolat reconoci\u00f3 la <strong>dificultades persistentes<\/strong> Los ciudadanos turcos, incluidos estudiantes, acad\u00e9micos, empresarios y profesionales como ingenieros y t\u00e9cnicos, subrayaron el impacto de las pr\u00e1cticas restrictivas de los \u00faltimos a\u00f1os. Ankara ha planteado constantemente esta cuesti\u00f3n a las autoridades de la UE, incluso en la \u00faltima ronda de negociaciones del Di\u00e1logo Comercial de Alto Nivel Turqu\u00eda-UE, celebrada el 1 de julio en Ankara. Fue durante estas conversaciones cuando los representantes de la Comisi\u00f3n Europea anunciaron la preparaci\u00f3n de este nuevo mecanismo.<\/p>\n\n\n\n<figure class=\"wp-block-embed is-type-rich is-provider-twitter wp-block-embed-twitter\"><div class=\"wp-block-embed__wrapper\">\n<div class=\"entry-content-asset\"><blockquote class=\"twitter-tweet\" data-width=\"550\" data-dnt=\"true\"><p lang=\"en\" dir=\"ltr\">Celebramos la segunda reuni\u00f3n del Di\u00e1logo Comercial de Alto Nivel T\u00fcrkiye-Uni\u00f3n Europea en Ankara junto con S.E. Maro\u0161 \u0160ef\u010dovi\u010d, Vicepresidente Ejecutivo de la Comisi\u00f3n Europea y Comisario de Comercio y Seguridad Econ\u00f3mica. <br><br>Durante la reuni\u00f3n, reafirmamos nuestra... <a href=\"https:\/\/t.co\/5az7jYDs3N\">pic.twitter.com\/5az7jYDs3N<\/a><\/p>- Prof. Dr. \u00d6mer Bolat (@omerbolatTR) <a href=\"https:\/\/twitter.com\/omerbolatTR\/status\/1940036458917540329?ref_src=twsrc%5Etfw\">1 de julio de 2025<\/a><\/blockquote><script async src=\"https:\/\/platform.twitter.com\/widgets.js\" charset=\"utf-8\"><\/script><\/div>\n<\/div><\/figure>\n\n\n\n<h2 class=\"wp-block-heading\">Un impulso para el turismo y el comercio<\/h2>\n\n\n\n<p>Esta reforma forma parte de un enfoque m\u00e1s amplio de la UE para <strong>impulsar la demanda de viajes tras la pandemia<\/strong> y hacer m\u00e1s abierto y atractivo el espacio Schengen. Los datos oficiales de la Comisi\u00f3n Europea revelan un <strong>Aumento de 13,6 % en solicitudes de visado y de 18 % en llegadas de visitantes a Europa a principios de 2025<\/strong>. En 2024 se concedieron m\u00e1s de 9,7 millones de visados Schengen, m\u00e1s de la mitad de los cuales eran visados de entrada m\u00faltiple, y la tasa de denegaci\u00f3n descendi\u00f3 de 16 % en 2023 a 14,8 % en 2024.<\/p>\n\n\n\n<p>Turqu\u00eda es uno de los principales pa\u00edses candidatos, con <strong>1.173.917 solicitudes en 2024<\/strong>. En particular, m\u00e1s de <strong>Se aprobaron 993.000 solicitudes turcas con una tasa de \u00e9xito del 85 %<\/strong>. Este visado pretende impulsar la confianza y hacer de Europa un destino preferente para turistas y profesionales. Las reformas se consideran especialmente atractivas para estudiantes, n\u00f3madas digitales y viajeros de negocios.<\/p>\n\n\n\n<p>La decisi\u00f3n provoc\u00f3 reacciones encontradas en los foros de debate en l\u00ednea. Algunos la aclamaron como una <strong>\"excelentes noticias\"<\/strong> y destac\u00f3 la <strong>negativas \"rid\u00edculas<\/strong> anteriormente por profesionales y acad\u00e9micos. <a href=\"https:\/\/www.reddit.com\/r\/europe\/comments\/1m3uowk\/eu_eases_schengen_visa_rules_for_turks_envoy\/?tl=fr\">Otros, sin embargo, han expresado sus dudas al considerar que Turqu\u00eda no est\u00e1 suficientemente integrada en Europa o que incluso se est\u00e1 alejando de ella.<\/a>. Las voces tambi\u00e9n denunciaron el \"racismo\" percibido detr\u00e1s de las pol\u00edticas restrictivas de visados. Un punto de vista se\u00f1al\u00f3 que las denegaciones anteriores no han impedido que los ciudadanos turcos sigan solicitando viajes de corta duraci\u00f3n.<\/p>\n\n\n\n<p>A pesar de estas diferencias, el ministro turco de Asuntos Exteriores afirm\u00f3 la voluntad de Turqu\u00eda de proseguir sus esfuerzos con las instituciones europeas para mejorar el procedimiento de solicitud de visados Schengen.<\/p>\n\n\n\n<figure class=\"wp-block-image size-large\"><img decoding=\"async\" width=\"1024\" height=\"408\" src=\"https:\/\/www.visamundi.co\/wp-content\/uploads\/2025\/07\/Screenshot-2025-07-21-at-15.15.21-1024x408.jpg\" alt=\"\" class=\"wp-image-7020879\" srcset=\"https:\/\/www.visamundi.co\/wp-content\/uploads\/2025\/07\/Screenshot-2025-07-21-at-15.15.21-1024x408.jpg 1024w, https:\/\/www.visamundi.co\/wp-content\/uploads\/2025\/07\/Screenshot-2025-07-21-at-15.15.21-300x120.jpg 300w, https:\/\/www.visamundi.co\/wp-content\/uploads\/2025\/07\/Screenshot-2025-07-21-at-15.15.21-768x306.jpg 768w, https:\/\/www.visamundi.co\/wp-content\/uploads\/2025\/07\/Screenshot-2025-07-21-at-15.15.21-18x7.jpg 18w, https:\/\/www.visamundi.co\/wp-content\/uploads\/2025\/07\/Screenshot-2025-07-21-at-15.15.21.jpg 1234w\" sizes=\"(max-width: 1024px) 100vw, 1024px\" \/><figcaption class=\"wp-element-caption\"><a href=\"https:\/\/www.mfa.gov.tr\/no_-149_-ab-komisyonu-nun-vatandaslarimiza-yonelik-schengen-vizesi-uygulamalarina-dair-karari-hk.fr.mfa\">La Embajada de Turqu\u00eda en Francia acogi\u00f3 con satisfacci\u00f3n la iniciativa<\/a><\/figcaption><\/figure>\n\n\n\n<h2 class=\"wp-block-heading\">Un contexto m\u00e1s amplio de la facilitaci\u00f3n de visados<\/h2>\n\n\n\n<p>Estas flexibilizaciones para Turqu\u00eda forman parte de una tendencia general. La UE tambi\u00e9n ha firmado acuerdos de facilitaci\u00f3n de visados con <strong>Otros 13 pa\u00edses para estancias de corta duraci\u00f3n<\/strong>incluidos Albania, Armenia, Azerbaiy\u00e1n, Bielorrusia, Bosnia-Herzegovina, Cabo Verde, Georgia, Moldavia, Montenegro, Macedonia del Norte, Serbia y Ucrania, ofreciendo tasas m\u00e1s bajas y una tramitaci\u00f3n m\u00e1s r\u00e1pida. <\/p>\n\n\n\n<p>Adem\u00e1s, Grecia e Italia han propuesto la creaci\u00f3n de un <strong>visado Schengen unificado<\/strong> para facilitar los viajes entre varios pa\u00edses de la UE con un \u00fanico permiso, una idea que recibi\u00f3 un fuerte apoyo.<\/p>\n\n\n\n<p><a href=\"https:\/\/www.visamundi.co\/es\/blog\/bulgaria-rumania-espacio-schengen\/\">Con la plena integraci\u00f3n de Bulgaria y Ruman\u00eda en el espacio Schengen el 1 de enero de 2025<\/a>Con lo que el n\u00famero de pa\u00edses participantes asciende a 29, y con Chipre prepar\u00e1ndose para incorporarse en el futuro, el espacio Schengen aspira a convertirse en un \"mercado \u00fanico europeo\". <strong>un corredor mundial a\u00fan m\u00e1s abierto e interconectado<\/strong> para viajeros de todo el mundo.<\/p>","protected":false},"excerpt":{"rendered":"<p>La Comisi\u00f3n Europea ha distribuido a los Estados miembros de la UE un nuevo marco destinado a simplificar y acelerar los procedimientos de visado Schengen para los nacionales turcos, un anuncio realizado el 18 de julio por el ministro turco de Comercio, Omer Bolat. Se trata de una decisi\u00f3n importante tras a\u00f1os de desaf\u00edos a los que se enfrentan los ciudadanos turcos ... <a title=\"La Uni\u00f3n Europea facilita a los turcos la obtenci\u00f3n de visados Schengen\" class=\"read-more\" href=\"https:\/\/www.visamundi.co\/es\/blog\/lunion-europeenne-simplifie-lobtention-de-visas-schengen-pour-les-turcs\/\" aria-label=\"Leer m\u00e1s sobre La Uni\u00f3n Europea facilita a los turcos la obtenci\u00f3n de visados Schengen\">Leer el art\u00edculo<\/a><\/p>","protected":false},"author":1,"featured_media":7020876,"comment_status":"open","ping_status":"closed","sticky":false,"template":"","format":"standard","meta":{"_acf_changed":false,"_sitemap_exclude":false,"_sitemap_priority":"","_sitemap_frequency":"","footnotes":""},"categories":[25],"tags":[26],"class_list":["post-7020875","post","type-post","status-publish","format-standard","has-post-thumbnail","hentry","category-europe","tag-turquie"],"acf":[],"_links":{"self":[{"href":"https:\/\/www.visamundi.co\/es\/wp-json\/wp\/v2\/posts\/7020875","targetHints":{"allow":["GET"]}}],"collection":[{"href":"https:\/\/www.visamundi.co\/es\/wp-json\/wp\/v2\/posts"}],"about":[{"href":"https:\/\/www.visamundi.co\/es\/wp-json\/wp\/v2\/types\/post"}],"author":[{"embeddable":true,"href":"https:\/\/www.visamundi.co\/es\/wp-json\/wp\/v2\/users\/1"}],"replies":[{"embeddable":true,"href":"https:\/\/www.visamundi.co\/es\/wp-json\/wp\/v2\/comments?post=7020875"}],"version-history":[{"count":2,"href":"https:\/\/www.visamundi.co\/es\/wp-json\/wp\/v2\/posts\/7020875\/revisions"}],"predecessor-version":[{"id":7020881,"href":"https:\/\/www.visamundi.co\/es\/wp-json\/wp\/v2\/posts\/7020875\/revisions\/7020881"}],"wp:featuredmedia":[{"embeddable":true,"href":"https:\/\/www.visamundi.co\/es\/wp-json\/wp\/v2\/media\/7020876"}],"wp:attachment":[{"href":"https:\/\/www.visamundi.co\/es\/wp-json\/wp\/v2\/media?parent=7020875"}],"wp:term":[{"taxonomy":"category","embeddable":true,"href":"https:\/\/www.visamundi.co\/es\/wp-json\/wp\/v2\/categories?post=7020875"},{"taxonomy":"post_tag","embeddable":true,"href":"https:\/\/www.visamundi.co\/es\/wp-json\/wp\/v2\/tags?post=7020875"}],"curies":[{"name":"wp","href":"https:\/\/api.w.org\/{rel}","templated":true}]}}