{"id":8052,"date":"2022-10-01T08:30:34","date_gmt":"2022-10-01T06:30:34","guid":{"rendered":"https:\/\/www.visamundi.fr\/?p=8052"},"modified":"2025-09-04T17:17:37","modified_gmt":"2025-09-04T15:17:37","slug":"visamundi-se-reune-con-olivia-gregoire","status":"publish","type":"post","link":"https:\/\/www.visamundi.co\/es\/blog\/visamundi-rencontre-olivia-gregoire\/","title":{"rendered":"Visamundi se re\u00fane con Olivia Gr\u00e9goire, Ministra Delegada de Turismo"},"content":{"rendered":"<p>Del 20 al 22 de septiembre se celebr\u00f3 en Par\u00eds Porte de Versailles una de las mayores ferias internacionales de turismo de Francia, IFTM Top Resa.<!--more--><\/p>\n<p>Fue una oportunidad para nuestro equipo, como expositores, de mostrar los colores de nuestros diferentes servicios y de hablar con los profesionales del turismo.<\/p>\n<p><a href=\"https:\/\/www.visamundi.co\/es\/pro\/operador-turistico\/\">Agencias de viajes, operadores tur\u00edsticos<\/a>, <a href=\"https:\/\/www.visamundi.co\/es\/pro\/empresas\/\">l\u00edneas a\u00e9reas<\/a>Y no s\u00f3lo eso. Tambi\u00e9n tuvimos la gran oportunidad de reunirnos con <strong>Olivia Gr\u00e9goire, nuestra Ministra de Peque\u00f1as y Medianas Empresas, Comercio, Artesan\u00eda y Turismo.<\/strong><\/p>\n<p>Un interesante debate sobre los viajes de los viajeros y sus necesidades <strong>cuestiones relacionadas con los tr\u00e1mites administrativos y las medidas sanitarias<\/strong>\u00a0sino tambi\u00e9n una conversaci\u00f3n sobre las innovaciones en el sector del turismo y la hosteler\u00eda.<\/p>\n<p>Se trata de una oportunidad para que Visamundi ponga de relieve su experiencia, \u00fatil para cualquier persona (de cualquier nacionalidad) que necesite viajar a uno de nuestros 40 destinos por turismo, negocios, motivos religiosos, para un crucero o \u00a1incluso para teletrabajar!<\/p>\n<p>Gracias al equipo de IFTM Top Resa por esta oportunidad, \u00a1y gracias a Madame Gr\u00e9goire por escuchar atentamente! \ud83c\udf10<\/p>\n<div class=\"entry-content-asset\">\n<blockquote class=\"twitter-tweet\" data-width=\"550\" data-dnt=\"true\">\n<p lang=\"fr\" dir=\"ltr\">\u2702\ufe0f Estoy encantado de inaugurar esta nueva edici\u00f3n del sal\u00f3n <a href=\"https:\/\/twitter.com\/iftmparis?ref_src=twsrc%5Etfw\">@iftmparis<\/a> junto con la industria tur\u00edstica.<\/p>\n<p>En un momento en que el mundo se enfrenta a inmensos retos, creo en la innovaci\u00f3n y la evoluci\u00f3n del turismo.<br \/>Una transformaci\u00f3n que considero sostenible, global y humana. <a href=\"https:\/\/t.co\/pghKEhpDjc\">pic.twitter.com\/pghKEhpDjc<\/a><\/p>\n<p>- Olivia Gregoire (@oliviagregoire) <a href=\"https:\/\/twitter.com\/oliviagregoire\/status\/1572171278789890048?ref_src=twsrc%5Etfw\">20 de septiembre de 2022<\/a><\/p><\/blockquote>\n<p><script async src=\"https:\/\/platform.twitter.com\/widgets.js\" charset=\"utf-8\"><\/script><\/div>","protected":false},"excerpt":{"rendered":"<p>Del 20 al 22 de septiembre se celebr\u00f3 en Par\u00eds Porte de Versailles una de las mayores ferias internacionales de turismo de Francia, IFTM Top Resa.<\/p>","protected":false},"author":1,"featured_media":0,"comment_status":"closed","ping_status":"closed","sticky":false,"template":"","format":"standard","meta":{"_acf_changed":false,"_sitemap_exclude":false,"_sitemap_priority":"","_sitemap_frequency":"","footnotes":""},"categories":[35],"tags":[],"class_list":["post-8052","post","type-post","status-publish","format-standard","hentry","category-corporate"],"acf":[],"_links":{"self":[{"href":"https:\/\/www.visamundi.co\/es\/wp-json\/wp\/v2\/posts\/8052","targetHints":{"allow":["GET"]}}],"collection":[{"href":"https:\/\/www.visamundi.co\/es\/wp-json\/wp\/v2\/posts"}],"about":[{"href":"https:\/\/www.visamundi.co\/es\/wp-json\/wp\/v2\/types\/post"}],"author":[{"embeddable":true,"href":"https:\/\/www.visamundi.co\/es\/wp-json\/wp\/v2\/users\/1"}],"replies":[{"embeddable":true,"href":"https:\/\/www.visamundi.co\/es\/wp-json\/wp\/v2\/comments?post=8052"}],"version-history":[{"count":1,"href":"https:\/\/www.visamundi.co\/es\/wp-json\/wp\/v2\/posts\/8052\/revisions"}],"predecessor-version":[{"id":7021124,"href":"https:\/\/www.visamundi.co\/es\/wp-json\/wp\/v2\/posts\/8052\/revisions\/7021124"}],"wp:attachment":[{"href":"https:\/\/www.visamundi.co\/es\/wp-json\/wp\/v2\/media?parent=8052"}],"wp:term":[{"taxonomy":"category","embeddable":true,"href":"https:\/\/www.visamundi.co\/es\/wp-json\/wp\/v2\/categories?post=8052"},{"taxonomy":"post_tag","embeddable":true,"href":"https:\/\/www.visamundi.co\/es\/wp-json\/wp\/v2\/tags?post=8052"}],"curies":[{"name":"wp","href":"https:\/\/api.w.org\/{rel}","templated":true}]}}