{"id":8390,"date":"2022-11-07T08:00:23","date_gmt":"2022-11-07T07:00:23","guid":{"rendered":"https:\/\/www.visamundi.fr\/?p=8390"},"modified":"2022-11-07T08:00:23","modified_gmt":"2022-11-07T07:00:23","slug":"francia-quiere-visados-para-las-profesiones-con-escasez-de-mano-de-obra","status":"publish","type":"post","link":"https:\/\/www.visamundi.co\/es\/blog\/la-france-veut-un-visa-pour-les-professions-en-penurie-de-main-doeuvre\/","title":{"rendered":"Francia quiere un visado para las profesiones con escasez de mano de obra"},"content":{"rendered":"<p>El Ministro de Trabajo, <strong>Olivier Dussopt<\/strong>y el Ministro del Interior, <strong>G\u00e9rald Darmanin<\/strong>en una entrevista con <em><strong>Le Monde<\/strong><\/em> public\u00f3 el mi\u00e9rcoles 2 de noviembre las orientaciones para el proyecto de ley de inmigraci\u00f3n, que ser\u00e1 examinado por la Asamblea Nacional a principios de 2023.<\/p>\n<p>Entre los puntos debatidos figura la creaci\u00f3n de un \"permiso de residencia\".<em><strong>puestos con poco personal<\/strong><\/em>\"El objetivo del Gobierno es facilitar a los empresarios la contrataci\u00f3n y la integraci\u00f3n de los inmigrantes en Francia. De este modo, el Gobierno espera reducir las dificultades de contrataci\u00f3n de los empresarios y facilitar la integraci\u00f3n profesional de los inmigrantes en Francia.<\/p>\n<p>\" <em>La situaci\u00f3n actual sigue siendo preocupante: a finales del primer trimestre, la tasa de desempleo era de 7,5%, y la de inmigrantes, de 13%.<\/em>subraya Olivier Dussopt. \" <em>Para que el trabajo se convierta en un elemento de integraci\u00f3n y emancipaci\u00f3n, debe ser una oportunidad para<\/em>. \"<\/p>\n<p>El Ministro de Trabajo precis\u00f3 que el permiso de residencia \"<em>puestos con poco personal<\/em>Por eso se recomienda que el plan de \"nuevos empleos\" se reserve a sectores con gran escasez de mano de obra, como la construcci\u00f3n.<\/p>\n<p>El objetivo de esta medida es prevenir la situaci\u00f3n actual de los trabajadores ilegales d\u00e1ndoles oportunidades y un marco en el que trabajar. Se perseguir\u00e1 especialmente a los empresarios que recurran al trabajo ilegal. Ser\u00e1 m\u00e1s dif\u00edcil para los empresarios recurrir al trabajo no autorizado. Est\u00e1 previsto aumentar las sanciones administrativas, las multas fijas y los cierres administrativos. Tambi\u00e9n podr\u00edan reducirse los plazos de las sanciones administrativas.<\/p>","protected":false},"excerpt":{"rendered":"<p>En una entrevista a Le Monde publicada el mi\u00e9rcoles 2 de noviembre, el ministro de Trabajo, Olivier Dussopt, y el ministro del Interior, G\u00e9rald Darmanin, exponen las l\u00edneas maestras del proyecto de ley sobre inmigraci\u00f3n, que ser\u00e1 examinado por la Asamblea Nacional a principios de 2023. Entre los puntos tratados figura la creaci\u00f3n de un permiso de residencia \"empleos en demanda\" ... <a title=\"Francia quiere un visado para las profesiones con escasez de mano de obra\" class=\"read-more\" href=\"https:\/\/www.visamundi.co\/es\/blog\/la-france-veut-un-visa-pour-les-professions-en-penurie-de-main-doeuvre\/\" aria-label=\"Leer m\u00e1s sobre Francia quiere un visado para las profesiones con escasez de mano de obra\">Leer el art\u00edculo<\/a><\/p>","protected":false},"author":1,"featured_media":0,"comment_status":"closed","ping_status":"closed","sticky":false,"template":"","format":"standard","meta":{"_acf_changed":false,"_sitemap_exclude":false,"_sitemap_priority":"","_sitemap_frequency":"","footnotes":""},"categories":[25],"tags":[47],"class_list":["post-8390","post","type-post","status-publish","format-standard","hentry","category-europe","tag-france"],"acf":[],"_links":{"self":[{"href":"https:\/\/www.visamundi.co\/es\/wp-json\/wp\/v2\/posts\/8390","targetHints":{"allow":["GET"]}}],"collection":[{"href":"https:\/\/www.visamundi.co\/es\/wp-json\/wp\/v2\/posts"}],"about":[{"href":"https:\/\/www.visamundi.co\/es\/wp-json\/wp\/v2\/types\/post"}],"author":[{"embeddable":true,"href":"https:\/\/www.visamundi.co\/es\/wp-json\/wp\/v2\/users\/1"}],"replies":[{"embeddable":true,"href":"https:\/\/www.visamundi.co\/es\/wp-json\/wp\/v2\/comments?post=8390"}],"version-history":[{"count":0,"href":"https:\/\/www.visamundi.co\/es\/wp-json\/wp\/v2\/posts\/8390\/revisions"}],"wp:attachment":[{"href":"https:\/\/www.visamundi.co\/es\/wp-json\/wp\/v2\/media?parent=8390"}],"wp:term":[{"taxonomy":"category","embeddable":true,"href":"https:\/\/www.visamundi.co\/es\/wp-json\/wp\/v2\/categories?post=8390"},{"taxonomy":"post_tag","embeddable":true,"href":"https:\/\/www.visamundi.co\/es\/wp-json\/wp\/v2\/tags?post=8390"}],"curies":[{"name":"wp","href":"https:\/\/api.w.org\/{rel}","templated":true}]}}