{"id":11569,"date":"2023-03-17T09:30:41","date_gmt":"2023-03-17T08:30:41","guid":{"rendered":"https:\/\/www.visamundi.fr\/?p=11569"},"modified":"2023-03-17T09:30:41","modified_gmt":"2023-03-17T08:30:41","slug":"bandiera-di-tv5-monde","status":"publish","type":"post","link":"https:\/\/www.visamundi.co\/it\/blog\/flag-tv5-monde\/","title":{"rendered":"Scopri la storia delle bandiere del mondo con TV5 Monde"},"content":{"rendered":"<p>Noi di Visamundi amiamo viaggiare, ma anche capire i Paesi che visitiamo. Questa volta, nel bel mezzo dei nostri viaggi digitali, abbiamo scoperto la superba playlist della trasmissione <em><strong>Bandiera!<\/strong><\/em> da <em>TV5 Monde<\/em> che, come suggerisce il nome, spiega le origini delle bandiere di tutto il mondo.<!--more--><\/p>\n<p>Le bandiere sono molto pi\u00f9 di un semplice pezzo di stoffa colorata sventolato da un'asta: <strong>possono essere potenti simboli dell'identit\u00e0 di un popolo, delle sue lotte, delle sue tradizioni e della sua cultura<\/strong>.<\/p>\n<p>Grazie al programma \"Flag!\", abbiamo potuto conoscere la storia di molte bandiere e capirne il significato. Le relazioni ci hanno aiutato a scoprire le ragioni per cui alcuni Paesi hanno scelto un particolare colore per la loro bandiera.<\/p>\n<blockquote><p>Sapevate che la bandiera giapponese \u00e8 composta interamente di rosso e bianco per simboleggiare il sole nascente e l'armonia? O che la bandiera brasiliana simboleggia la natura, la foresta amazzonica e le stelle?<\/p><\/blockquote>\n<p>Ogni episodio dello show ci d\u00e0 l'opportunit\u00e0 di conoscere meglio la cultura e le tradizioni di diversi Paesi, nonch\u00e9 la loro storia e il loro patrimonio.<\/p>\n<p>Il programma \"Flag!\" di TV5 Monde \u00e8 un ottimo modo per scoprire il mondo in modo diverso e arricchire le proprie conoscenze culturali. Noi di Visamundi riteniamo che questo programma sia interessante per i nostri viaggiatori e invitiamo tutti a immergersi in questa accattivante playlist.<\/p>\n<div class=\"entry-content-asset\"><iframe title=\"Bandiera! La storia delle bandiere del mondo\" width=\"1156\" height=\"650\" src=\"https:\/\/www.youtube.com\/embed\/videoseries?list=PLdeL1gXKY5_kAFQoCOd73fxPujwuZ9v4H\" frameborder=\"0\" allow=\"accelerometer; autoplay; clipboard-write; encrypted-media; gyroscope; picture-in-picture; web-share\" referrerpolicy=\"strict-origin-when-cross-origin\" allowfullscreen><\/iframe><\/div>","protected":false},"excerpt":{"rendered":"<p>Noi di Visamundi amiamo viaggiare, ma anche capire i Paesi che visitiamo. Questa volta, nel corso dei nostri viaggi digitali, abbiamo scoperto la superba playlist del programma Flag! di TV5 Monde che, come suggerisce il nome, spiega le origini delle bandiere di tutto il mondo.<\/p>","protected":false},"author":1,"featured_media":0,"comment_status":"closed","ping_status":"closed","sticky":false,"template":"","format":"standard","meta":{"_acf_changed":false,"_sitemap_exclude":false,"_sitemap_priority":"","_sitemap_frequency":"","footnotes":""},"categories":[34],"tags":[],"class_list":["post-11569","post","type-post","status-publish","format-standard","hentry","category-astuces"],"acf":[],"_links":{"self":[{"href":"https:\/\/www.visamundi.co\/it\/wp-json\/wp\/v2\/posts\/11569","targetHints":{"allow":["GET"]}}],"collection":[{"href":"https:\/\/www.visamundi.co\/it\/wp-json\/wp\/v2\/posts"}],"about":[{"href":"https:\/\/www.visamundi.co\/it\/wp-json\/wp\/v2\/types\/post"}],"author":[{"embeddable":true,"href":"https:\/\/www.visamundi.co\/it\/wp-json\/wp\/v2\/users\/1"}],"replies":[{"embeddable":true,"href":"https:\/\/www.visamundi.co\/it\/wp-json\/wp\/v2\/comments?post=11569"}],"version-history":[{"count":0,"href":"https:\/\/www.visamundi.co\/it\/wp-json\/wp\/v2\/posts\/11569\/revisions"}],"wp:attachment":[{"href":"https:\/\/www.visamundi.co\/it\/wp-json\/wp\/v2\/media?parent=11569"}],"wp:term":[{"taxonomy":"category","embeddable":true,"href":"https:\/\/www.visamundi.co\/it\/wp-json\/wp\/v2\/categories?post=11569"},{"taxonomy":"post_tag","embeddable":true,"href":"https:\/\/www.visamundi.co\/it\/wp-json\/wp\/v2\/tags?post=11569"}],"curies":[{"name":"wp","href":"https:\/\/api.w.org\/{rel}","templated":true}]}}