{"id":7020875,"date":"2025-07-21T15:22:42","date_gmt":"2025-07-21T13:22:42","guid":{"rendered":"https:\/\/www.visamundi.co\/?p=7020875"},"modified":"2025-07-21T15:22:54","modified_gmt":"2025-07-21T13:22:54","slug":"lunione-europea-semplifica-i-requisiti-per-il-visto-schengen-per-i-turchi","status":"publish","type":"post","link":"https:\/\/www.visamundi.co\/it\/blog\/lunion-europeenne-simplifie-lobtention-de-visas-schengen-pour-les-turcs\/","title":{"rendered":"L'Unione Europea facilita l'ottenimento dei visti Schengen da parte dei turchi."},"content":{"rendered":"<p>La Commissione europea ha distribuito agli Stati membri dell'UE un nuovo quadro di riferimento volto a <strong>semplificare e accelerare le procedure di rilascio del visto Schengen per i cittadini turchi<\/strong>L'annuncio \u00e8 stato fatto il 18 luglio dal Ministro del Commercio turco, Omer Bolat. Si tratta di una decisione importante dopo anni di sfide affrontate dai cittadini turchi per ottenere questi visti.<\/p>\n\n\n\n<figure class=\"wp-block-embed is-type-rich is-provider-twitter wp-block-embed-twitter\"><div class=\"wp-block-embed__wrapper\">\n<div class=\"entry-content-asset\"><blockquote class=\"twitter-tweet\" data-width=\"550\" data-dnt=\"true\"><p lang=\"tr\" dir=\"ltr\">T\u00fcrk Vatanda\u015flar\u0131na \u00c7ok Giri\u015fli Schengen Vizesi Al\u0131m\u0131nda Kolayl\u0131k Sa\u011flanmas\u0131na Y\u00f6nelik AB Komisyonunun \"C(2025) 4694\" Say\u0131l\u0131 Karar\u0131 Hakk\u0131nda Bas\u0131n A\u00e7\u0131klamas\u0131<br><br>(18.07.2025) <a href=\"https:\/\/t.co\/YJshFZ7v8s\">pic.twitter.com\/YJshFZ7v8s<\/a><\/p>- T.C. Ticaret Bakanl\u0131\u011f\u0131 (@ticaret) <a href=\"https:\/\/twitter.com\/ticaret\/status\/1946194182554464573?ref_src=twsrc%5Etfw\">18 luglio 2025<\/a><\/blockquote><script async src=\"https:\/\/platform.twitter.com\/widgets.js\" charset=\"utf-8\"><\/script><\/div>\n<\/div><\/figure>\n\n\n\n<h2 class=\"wp-block-heading\">Un sistema progressivo per i visti a lungo termine<\/h2>\n\n\n\n<p>La nuova procedura introduce un <strong>sistema progressivo<\/strong> consentendo ai cittadini turchi di ottenere visti Schengen a lungo termine e ad ingresso multiplo. Secondo il Ministro Bolat, i richiedenti che sono gi\u00e0 stati in possesso di un visto, hanno viaggiato regolarmente nell'Unione Europea e sono tornati in Turchia senza commettere reati, potranno beneficiare di periodi di visto sempre pi\u00f9 lunghi: <strong>Inizialmente fino a sei mesi, poi un anno, 2 anni e potenzialmente fino a 3 e 5 anni nelle fasi successive.<\/strong>. Il Ministero degli Affari Esteri turco ha accolto questa decisione di attuazione, datata 15 luglio 2025, come un miglioramento del regime dei visti Schengen.<\/p>\n\n\n\n<p>Il Ministro Bolat ha riconosciuto la <strong>difficolt\u00e0 persistenti<\/strong> I cittadini turchi, tra cui studenti, accademici, imprenditori e professionisti come ingegneri e tecnici, hanno sottolineato l'impatto delle pratiche restrittive degli ultimi anni. Ankara ha costantemente sollevato questo problema con le autorit\u00e0 dell'Unione Europea, anche in occasione dell'ultimo ciclo di negoziati del Dialogo Commerciale di Alto Livello Turchia-UE, tenutosi il 1\u00b0 luglio ad Ankara. \u00c8 stato durante queste discussioni che i rappresentanti della Commissione Europea hanno annunciato la preparazione di questo nuovo meccanismo.<\/p>\n\n\n\n<figure class=\"wp-block-embed is-type-rich is-provider-twitter wp-block-embed-twitter\"><div class=\"wp-block-embed__wrapper\">\n<div class=\"entry-content-asset\"><blockquote class=\"twitter-tweet\" data-width=\"550\" data-dnt=\"true\"><p lang=\"en\" dir=\"ltr\">Abbiamo tenuto ad Ankara il secondo incontro del Dialogo commerciale ad alto livello Turchia-Unione Europea con S.E. Maro\u0161 \u0160ef\u010dovi\u010d, Vicepresidente esecutivo della Commissione Europea e Commissario per il Commercio e la Sicurezza Economica. <br><br>Durante l'incontro, abbiamo riaffermato la nostra condivisione... <a href=\"https:\/\/t.co\/5az7jYDs3N\">pic.twitter.com\/5az7jYDs3N<\/a><\/p>- Prof. Dr. \u00d6mer Bolat (@omerbolatTR) <a href=\"https:\/\/twitter.com\/omerbolatTR\/status\/1940036458917540329?ref_src=twsrc%5Etfw\">1 luglio 2025<\/a><\/blockquote><script async src=\"https:\/\/platform.twitter.com\/widgets.js\" charset=\"utf-8\"><\/script><\/div>\n<\/div><\/figure>\n\n\n\n<h2 class=\"wp-block-heading\">Una spinta per il turismo e il commercio<\/h2>\n\n\n\n<p>Questa riforma fa parte di un approccio pi\u00f9 ampio dell'Unione Europea per <strong>Aumentare la domanda di viaggi dopo la pandemia<\/strong> e rendere l'area Schengen pi\u00f9 aperta e attraente. I dati ufficiali della Commissione europea rivelano un <strong>13,6 % di aumento delle richieste di visto e 18 % di aumento degli arrivi di visitatori in Europa entro l'inizio del 2025.<\/strong>. Nel 2024, sono stati concessi pi\u00f9 di 9,7 milioni di visti Schengen, di cui pi\u00f9 della met\u00e0 erano visti per ingressi multipli, e il tasso di rifiuto \u00e8 sceso da 16 % nel 2023 a 14,8 % nel 2024.<\/p>\n\n\n\n<p>La Turchia \u00e8 uno dei principali Paesi candidati, con <strong>1.173.917 applicazioni nel 2024<\/strong>. In particolare, pi\u00f9 di <strong>993.000 domande turche sono state approvate con un tasso di successo dell'85 %<\/strong>. Questo visto mira a rafforzare la fiducia e a rendere l'Europa una destinazione preferita da turisti e professionisti. Le riforme sono considerate particolarmente interessanti per gli studenti, i nomadi digitali e i viaggiatori d'affari.<\/p>\n\n\n\n<p>La decisione ha provocato reazioni contrastanti sui forum di discussione online. Alcuni l'hanno salutata come una <strong>\"notizie eccellenti\"<\/strong> e ha evidenziato il <strong>rifiuti \"ridicoli<\/strong> precedentemente incontrati da professionisti e accademici. <a href=\"https:\/\/www.reddit.com\/r\/europe\/comments\/1m3uowk\/eu_eases_schengen_visa_rules_for_turks_envoy\/?tl=fr\">Altri, invece, hanno espresso dubbi, ritenendo che la Turchia non sia sufficientemente integrata nell'Europa o che addirittura se ne stia allontanando.<\/a>. Le voci hanno anche denunciato il \"razzismo\" percepito dietro le politiche restrittive sui visti. Un punto di vista ha sottolineato che i rifiuti passati non hanno impedito ai cittadini turchi di continuare a richiedere viaggi di breve durata.<\/p>\n\n\n\n<p>Nonostante queste differenze, il Ministro degli Esteri turco ha affermato la volont\u00e0 della Turchia di continuare a impegnarsi con le istituzioni europee per migliorare la procedura di richiesta dei visti Schengen.<\/p>\n\n\n\n<figure class=\"wp-block-image size-large\"><img decoding=\"async\" width=\"1024\" height=\"408\" src=\"https:\/\/www.visamundi.co\/wp-content\/uploads\/2025\/07\/Screenshot-2025-07-21-at-15.15.21-1024x408.jpg\" alt=\"\" class=\"wp-image-7020879\" srcset=\"https:\/\/www.visamundi.co\/wp-content\/uploads\/2025\/07\/Screenshot-2025-07-21-at-15.15.21-1024x408.jpg 1024w, https:\/\/www.visamundi.co\/wp-content\/uploads\/2025\/07\/Screenshot-2025-07-21-at-15.15.21-300x120.jpg 300w, https:\/\/www.visamundi.co\/wp-content\/uploads\/2025\/07\/Screenshot-2025-07-21-at-15.15.21-768x306.jpg 768w, https:\/\/www.visamundi.co\/wp-content\/uploads\/2025\/07\/Screenshot-2025-07-21-at-15.15.21-18x7.jpg 18w, https:\/\/www.visamundi.co\/wp-content\/uploads\/2025\/07\/Screenshot-2025-07-21-at-15.15.21.jpg 1234w\" sizes=\"(max-width: 1024px) 100vw, 1024px\" \/><figcaption class=\"wp-element-caption\"><a href=\"https:\/\/www.mfa.gov.tr\/no_-149_-ab-komisyonu-nun-vatandaslarimiza-yonelik-schengen-vizesi-uygulamalarina-dair-karari-hk.fr.mfa\">L'Ambasciata di Turchia in Francia ha accolto con favore l'iniziativa.<\/a><\/figcaption><\/figure>\n\n\n\n<h2 class=\"wp-block-heading\">Un contesto pi\u00f9 ampio di facilitazione dei visti<\/h2>\n\n\n\n<p>Queste agevolazioni per la Turchia fanno parte di una tendenza generale. L'UE ha anche firmato accordi di facilitazione dei visti con <strong>13 altri Paesi per soggiorni di breve durata<\/strong>tra cui Albania, Armenia, Azerbaigian, Bielorussia, Bosnia-Erzegovina, Capo Verde, Georgia, Moldavia, Montenegro, Macedonia del Nord, Serbia e Ucraina, offrendo commissioni pi\u00f9 basse e un'elaborazione pi\u00f9 rapida. <\/p>\n\n\n\n<p>Inoltre, la Grecia e l'Italia hanno proposto la creazione di una <strong>visto Schengen unificato<\/strong> per rendere pi\u00f9 facile viaggiare tra diversi Paesi dell'UE con un unico permesso, un'idea che ha ricevuto un forte sostegno.<\/p>\n\n\n\n<p><a href=\"https:\/\/www.visamundi.co\/it\/blog\/bulgaria-romania-area-schengen\/\">Con la piena integrazione della Bulgaria e della Romania nell'area Schengen, il 1\u00b0 gennaio 2025.<\/a>Portando il numero di Paesi partecipanti a 29, e con Cipro che si prepara ad aderire in futuro, l'area Schengen aspira a diventare un \"mercato unico europeo\". <strong>un corridoio globale ancora pi\u00f9 aperto e interconnesso<\/strong> per i viaggiatori di tutto il mondo.<\/p>","protected":false},"excerpt":{"rendered":"<p>La Commissione europea ha distribuito agli Stati membri dell'UE un nuovo quadro volto a semplificare e accelerare le procedure per i visti Schengen per i cittadini turchi, come annunciato il 18 luglio dal Ministro del Commercio turco, Omer Bolat. Si tratta di una decisione importante dopo anni di sfide affrontate dai cittadini turchi ... <a title=\"L&#039;Unione Europea facilita l&#039;ottenimento dei visti Schengen da parte dei turchi.\" class=\"read-more\" href=\"https:\/\/www.visamundi.co\/it\/blog\/lunion-europeenne-simplifie-lobtention-de-visas-schengen-pour-les-turcs\/\" aria-label=\"Per saperne di pi\u00f9 su L&#039;Unione Europea facilita ai turchi l&#039;ottenimento dei visti Schengen\">Leggi l'articolo<\/a><\/p>","protected":false},"author":1,"featured_media":7020876,"comment_status":"open","ping_status":"closed","sticky":false,"template":"","format":"standard","meta":{"_acf_changed":false,"_sitemap_exclude":false,"_sitemap_priority":"","_sitemap_frequency":"","footnotes":""},"categories":[25],"tags":[26],"class_list":["post-7020875","post","type-post","status-publish","format-standard","has-post-thumbnail","hentry","category-europe","tag-turquie"],"acf":[],"_links":{"self":[{"href":"https:\/\/www.visamundi.co\/it\/wp-json\/wp\/v2\/posts\/7020875","targetHints":{"allow":["GET"]}}],"collection":[{"href":"https:\/\/www.visamundi.co\/it\/wp-json\/wp\/v2\/posts"}],"about":[{"href":"https:\/\/www.visamundi.co\/it\/wp-json\/wp\/v2\/types\/post"}],"author":[{"embeddable":true,"href":"https:\/\/www.visamundi.co\/it\/wp-json\/wp\/v2\/users\/1"}],"replies":[{"embeddable":true,"href":"https:\/\/www.visamundi.co\/it\/wp-json\/wp\/v2\/comments?post=7020875"}],"version-history":[{"count":2,"href":"https:\/\/www.visamundi.co\/it\/wp-json\/wp\/v2\/posts\/7020875\/revisions"}],"predecessor-version":[{"id":7020881,"href":"https:\/\/www.visamundi.co\/it\/wp-json\/wp\/v2\/posts\/7020875\/revisions\/7020881"}],"wp:featuredmedia":[{"embeddable":true,"href":"https:\/\/www.visamundi.co\/it\/wp-json\/wp\/v2\/media\/7020876"}],"wp:attachment":[{"href":"https:\/\/www.visamundi.co\/it\/wp-json\/wp\/v2\/media?parent=7020875"}],"wp:term":[{"taxonomy":"category","embeddable":true,"href":"https:\/\/www.visamundi.co\/it\/wp-json\/wp\/v2\/categories?post=7020875"},{"taxonomy":"post_tag","embeddable":true,"href":"https:\/\/www.visamundi.co\/it\/wp-json\/wp\/v2\/tags?post=7020875"}],"curies":[{"name":"wp","href":"https:\/\/api.w.org\/{rel}","templated":true}]}}