{"id":7021711,"date":"2025-11-14T10:57:09","date_gmt":"2025-11-14T09:57:09","guid":{"rendered":"https:\/\/www.visamundi.co\/?p=7021711"},"modified":"2026-01-20T19:37:06","modified_gmt":"2026-01-20T18:37:06","slug":"lalgeria-apre-nuovi-uffici-consolari-itineranti-in-europa","status":"publish","type":"post","link":"https:\/\/www.visamundi.co\/it\/blog\/lalgerie-met-en-place-de-nouvelles-permanences-consulaires-itinerantes-en-europe\/","title":{"rendered":"L'Algeria crea nuovi uffici consolari itineranti in Europa"},"content":{"rendered":"<p>I consolati algerini in Europa stanno organizzando servizi consolari mobili nei mesi di novembre e dicembre 2025, con l'obiettivo di avvicinare i servizi amministrativi ai cittadini algerini residenti all'estero. Questi uffici forniranno un accesso locale a una serie di servizi essenziali per i membri della diaspora.<\/p>\n\n\n\n<figure class=\"wp-block-embed is-type-rich is-provider-twitter wp-block-embed-twitter\"><div class=\"wp-block-embed__wrapper\">\n<div class=\"entry-content-asset\"><blockquote class=\"twitter-tweet\" data-width=\"550\" data-dnt=\"true\"><p lang=\"ar\" dir=\"rtl\">\u0641\u064a \u0625\u0637\u0627\u0631 \u0645\u0648\u0627\u0635\u0644\u0629 \u0648\u062a\u0643\u062b\u064a\u0641 \u0627\u0644\u062c\u0647\u0648\u062f \u0627\u0644\u0631\u0627\u0645\u064a\u0629 \u0644\u062a\u0633\u0647\u064a\u0644 \u0627\u0644\u062e\u062f\u0645\u0627\u062a \u0627\u0644\u0642\u0646\u0635\u0644\u064a\u0629 \u0648\u062a\u0642\u0631\u064a\u0628 \u0627\u0644\u0625\u062f\u0627\u0631\u0629 \u0645\u0646 \u0627\u0644\u0645\u0648\u0627\u0637\u0646\u060c \u062e\u062f\u0645\u0629 \u0644\u0623\u0639\u0636\u0627\u0621 \u062c\u0627\u0644\u064a\u0646\u0627 \u0627\u0644\u0623\u0639\u0632\u0627\u0621\u060c \u0633\u062a\u0642\u0648\u0645 \u0645\u0645\u062b\u0644\u064a\u0627\u062a\u0627\u0646 \u0628\u062a\u0646\u0638\u064a\u0645 \u0645\u062f\u0627\u0648\u0645\u0627\u062a \u0642\u0646\u0635\u0644\u064a\u0629 \u0645\u062a\u0646\u0642\u0644\u0629 \u0648\u0641\u0642 \u0627\u0644\u0628\u0631\u0646\u0627\u0645\u062c \u0627\u0644\u0645\u0631\u0641\u0642. <br>\u062d\u064a\u062b \u062a\u0646\u062f\u0631\u062c \u0647\u0630\u0647 \u0627\u0644\u0625\u062c\u0631\u0627\u0621\u0627\u062a \u0636\u0645\u0646 \u0628\u0631\u0646\u0627\u0645\u062c \u0634\u0627\u0645\u0644 \u0648\u0645\u0633\u062a\u0645\u0631 \u0642\u0635\u062f \u0627\u0644\u062a\u0643\u0641\u0644 \u0627\u0644\u0623\u0645\u062b\u0644 \u0648\u0627\u0644\u0623\u0646\u062c\u0639 \u0628\u0627\u0646\u0634\u063a\u0627\u0644\u0627\u062a \u0645\u0648\u0627\u0637\u0646\u064a\u0646\u0627. <a href=\"https:\/\/t.co\/fEohj3PHyq\">pic.twitter.com\/fEohj3PHyq<\/a><\/p>- Sofiane Chaib | \u0633\u0641\u064a\u0627\u0646 \u0634\u0627\u064a\u0628 (@SECCNE_Chaib) <a href=\"https:\/\/twitter.com\/SECCNE_Chaib\/status\/1988668321630462227?ref_src=twsrc%5Etfw\">12 novembre 2025<\/a><\/blockquote><script async src=\"https:\/\/platform.twitter.com\/widgets.js\" charset=\"utf-8\"><\/script><\/div>\n<\/div><\/figure>\n\n\n\n<p>Questa mossa, annunciata dal Segretario di Stato per la Diaspora, <strong>Sofiane Chaib<\/strong>, Il Servizio Consolare dell'Algeria sta utilizzando questo servizio per avvicinare l'amministrazione ai cittadini algerini fuori dal Paese. I consolati di Francia, Spagna, Belgio, Germania, Regno Unito e Italia hanno programmato una serie di orari d'ufficio in diverse citt\u00e0.<\/p>\n\n\n\n<iframe src=\"https:\/\/www.facebook.com\/plugins\/post.php?href=https%3A%2F%2Fwww.facebook.com%2Fpermalink.php%3Fstory_fbid%3Dpfbid02BGXp8EuQfDquLc4cgC6L5uZqLUuFdnuakRWkR1T7gibtABPzLjZmVggANEg9S8hVl%26id%3D61558473895104&#038;show_text=true&#038;width=500\" width=\"500\" height=\"612\" style=\"border:none;overflow:hidden\" scrolling=\"no\" frameborder=\"0\" allowfullscreen=\"true\" allow=\"autoplay; clipboard-write; encrypted-media; picture-in-picture; web-share\"><\/iframe>\n\n\n\n<h2 class=\"wp-block-heading\">Programma degli orari di apertura<\/h2>\n\n\n\n<h3 class=\"wp-block-heading\">Consolati algerini in Francia per area consolare<\/h3>\n\n\n\n<ul class=\"wp-block-list\">\n<li><strong>Besan\u00e7on<\/strong> 30 novembre a Belfort (maison des associations, 1 rue Jean-Pierre Melville, 90000 Belfort), 21 dicembre a Audincourt (ancienne Mairie, 73 Grande Rue, 25400 Audincourt).<\/li>\n\n\n\n<li><strong>Bordeaux<\/strong> 15 novembre ad Angoul\u00eame (Salle Conviviale de Basseau, 25 Rue Antoine de Conflants 16000 Angoul\u00eame), 6 dicembre a La Rochelle (Salle des mariages de la Passerelle, 2 Suqre de La Passerelle 17000 La Rochelle), 27 dicembre ad Agen (Salle de La Rotonde du Stadium, 17 Cours Washington, 47000 Agen).<\/li>\n\n\n\n<li><strong>Grenoble<\/strong> 16 novembre a Chamb\u00e9ry (53, rue du Verger - 73000 Chambery), 30 novembre ad Annemasse (2 Rue Adolphe Magnin, 74100 Annemasse).<\/li>\n\n\n\n<li><strong>Lione<\/strong> 23 novembre a Valence (Maison de La Vie Associative 74 Route de Montelier 26000 Valence), 21 dicembre a Le Creusot (Salle Alice Boutavant Maison des Associations Jouffroy 71200 Le Creusot).<\/li>\n\n\n\n<li><strong>Marsiglia<\/strong> 19 novembre e 23 dicembre ad Avignone (Ch\u00e2teau de Saint-Chamond, 3 Rue Fran\u00e7ois Maunac 84000 Avignone).<\/li>\n\n\n\n<li><strong>Metz<\/strong> 23 novembre a Saint-Dizier (Salle de R\u00e9union, Pole Associatif de Vergy, 52000 Saint-Dizier), 14 dicembre a Ch\u00e2lons en Champagne (Centre Social et culturel 13 Rue Jean-S\u00e9bastien Bacha 51000 Ch\u00e2lons en Champagne).<\/li>\n\n\n\n<li><strong>Montpellier<\/strong> : 15 novembre a Carcassonne (Centre Social Max-Savy Grazailles 1, Rue du Moulin de La Seigne 11000 Carcassonne), 22 novembre a Mende (Centre culturel et social de la Communaut\u00e9 de Mende, Salle place Foirail, 48000 Mende), 29 novembre a Perpignan (Place Cassan Yes, 2 rue de La Miranda 66000 Perpignan), 13 dicembre a Rodez (1, Boulevard du 122 R\u00e9giment d'Infanterie 12000 Rodez), 10 dicembre ad Al\u00e8s (Maison Louis Aragon, 182 Rue de la Judie 30100 Al\u00e8s).<\/li>\n\n\n\n<li><strong>Saint-Etienne<\/strong> 15 novembre, 6 e 13 dicembre a Clermont-Ferrand (88 boulevard Lavoisier 63000 Clermont-Ferrand)<\/li>\n\n\n\n<li><strong>Strasburgo<\/strong> 23 novembre a Mulhouse (locali adiacenti alla Moschea Ennasr), 7 dicembre a \u00c9pinal (2 Rue de La Maix, 88000 Epinal), 14 dicembre a Saint-Di\u00e9-des-Vosges (4 Rue General Cherin, Maison des Syndicats, 88100 Saint-Di\u00e9-des-Vosges), 31 dicembre a Colmar (19 Place du Capitaine Dreyfus, 68000 Colmar).<\/li>\n\n\n\n<li><strong>Tolosa<\/strong> 30 novembre a Cahors (58 chemin de La Combe de Minuit 46000 Cahors), 14 dicembre a Castres (136 Rue Paul Gaugin 81000 Castres).<\/li>\n\n\n\n<li><strong>Nantes<\/strong> 16 e 30 novembre a Rennes (12 Square des Cloteaux 35200 Rennes), 7 e 21 dicembre a Ch\u00e2tellerault (46, Rue Ars\u00e8ne et Jean Lambert 86100 Ch\u00e2tellerault).<a href=\"https:\/\/www.visa-algerie.com\/france-belgique-espagne-voici-les-prochaines-permanences-des-consulats-dalgerie\/\" target=\"_blank\" rel=\"noreferrer noopener\"><\/a>\u200b<\/li>\n<\/ul>\n\n\n\n<h3 class=\"wp-block-heading\">Uffici in altri Paesi europei<\/h3>\n\n\n\n<ul class=\"wp-block-list\">\n<li><strong>Spagna<\/strong> 30 novembre a Murcia, 14 dicembre a Siviglia<\/li>\n\n\n\n<li><strong>Belgio<\/strong> 7 dicembre a Genk (Jeugdhuis Pionier Douverneur Alex, Galopinstraat 19-3600), 14 dicembre a Lussemburgo (salle de r\u00e9union Kineek Kirchberg 45 Avenue John Kennedy L-1855 Lussemburgo).<\/li>\n\n\n\n<li><strong>Germania<\/strong> 23 novembre a Dusseldorf (Niermannsweg, 1, 40699 Erkrath), 14 dicembre a Stoccarda.<\/li>\n\n\n\n<li><strong>Regno Unito<\/strong> 30 novembre a Belfast, 7 dicembre a Cardiff, 14 dicembre a Glasgow.<\/li>\n\n\n\n<li><strong>Italia<\/strong> 30 novembre a Rovereto (Via Vicenza N 5 Rovereto-38068), 14 dicembre a Firenze, 23 novembre a Barletta, 14 dicembre a Vittoria, 15 dicembre a Messina.<a href=\"https:\/\/www.visa-algerie.com\/france-belgique-espagne-voici-les-prochaines-permanences-des-consulats-dalgerie\/\" target=\"_blank\" rel=\"noreferrer noopener\"><\/a>\u200b<\/li>\n<\/ul>\n\n\n\n<h2 class=\"wp-block-heading\">Servizi offerti dai call center<\/h2>\n\n\n\n<p>Pu\u00f2 rivolgersi agli uffici consolari per espletare le seguenti formalit\u00e0, generalmente senza appuntamento:<\/p>\n\n\n\n<ul class=\"wp-block-list\">\n<li>Ricezione delle richieste di passaporti biometrici ;<\/li>\n\n\n\n<li>Consegna di passaporti e carte d'identit\u00e0 nazionali; ;<\/li>\n\n\n\n<li>Istituzione di deleghe ;<\/li>\n\n\n\n<li>Rilascio di certificati di differimento e carte di esenzione dal servizio nazionale ;<\/li>\n\n\n\n<li>Costituzione del casellario giudiziale ;<\/li>\n\n\n\n<li>Redigere un certificato di vita ;<\/li>\n\n\n\n<li>Redigere un certificato di consuetudine\/celibato ;<\/li>\n\n\n\n<li>Rilascio di certificati di patente di guida ;<\/li>\n\n\n\n<li>Ricezione delle trascrizioni di stato civile (nascite, matrimoni);<\/li>\n\n\n\n<li>Ricezione delle domande di registrazione consolare (prima domanda e rinnovo) ;<\/li>\n<\/ul>\n\n\n\n<h2 class=\"wp-block-heading\">Dettagli pratici<\/h2>\n\n\n\n<p>Alcuni servizi richiedono spesso di fissare un appuntamento in anticipo online, mentre altri servizi consolari possono essere forniti gratuitamente durante gli orari di ufficio. Consulti i siti web ufficiali dei consolati interessati per verificare gli orari, le sedi e le procedure esatte di ciascun ufficio. <em>Per Rennes, ad esempio, <a href=\"https:\/\/docs.google.com\/forms\/d\/1Db-wM7v1nsrmF3xk-bnFnH693TC9i0WJLAe_4WLrrgU\/closedform\">Il link per l'appuntamento \u00e8 gi\u00e0 inattivo, perch\u00e9 probabilmente tutti gli slot sono gi\u00e0 stati prenotati.<\/a>.<\/em><\/p>\n\n\n\n<figure class=\"wp-block-table\"><table class=\"has-gray-lighter-background-color has-background has-fixed-layout\"><tbody><tr><td><strong>E il visto elettronico per l'Algeria?<\/strong><br>Sebbene l'Algeria abbia effettivamente in programma di introdurre un visto elettronico, da mesi non \u00e8 trapelata alcuna informazione o data. Il Ministero degli Affari Esteri algerino sta creando una piattaforma dedicata per un visto elettronico progressivo, ma non sono stati rilasciati ulteriori dettagli.<br><br>Inoltre, fino al 31 dicembre 2025, una misura eccezionale consentir\u00e0 ai doppi cittadini di recarsi in Algeria senza visto o passaporto algerino valido, presentando un passaporto straniero valido accompagnato da una carta d'identit\u00e0 nazionale biometrica algerina, anche se scaduta.<\/td><\/tr><\/tbody><\/table><\/figure>","protected":false},"excerpt":{"rendered":"<p>I consolati algerini in Europa stanno organizzando servizi consolari mobili nei mesi di novembre e dicembre 2025, con l'obiettivo di avvicinare i servizi amministrativi ai cittadini algerini residenti all'estero. Questi uffici forniranno un accesso locale a una serie di servizi essenziali per i membri della diaspora. Questa iniziativa, annunciata dal Segretario di Stato ... <a title=\"L&#039;Algeria apre nuovi uffici consolari itineranti in Europa\" class=\"read-more\" href=\"https:\/\/www.visamundi.co\/it\/blog\/lalgerie-met-en-place-de-nouvelles-permanences-consulaires-itinerantes-en-europe\/\" aria-label=\"Per saperne di pi\u00f9 su L&#039;Algeria apre nuovi uffici consolari itineranti in Europa\">Leggi l'articolo<\/a><\/p>","protected":false},"author":1,"featured_media":7021712,"comment_status":"open","ping_status":"closed","sticky":false,"template":"","format":"standard","meta":{"_acf_changed":false,"_sitemap_exclude":false,"_sitemap_priority":"","_sitemap_frequency":"","footnotes":""},"categories":[23],"tags":[24],"class_list":["post-7021711","post","type-post","status-publish","format-standard","has-post-thumbnail","hentry","category-afrique","tag-algerie"],"acf":[],"_links":{"self":[{"href":"https:\/\/www.visamundi.co\/it\/wp-json\/wp\/v2\/posts\/7021711","targetHints":{"allow":["GET"]}}],"collection":[{"href":"https:\/\/www.visamundi.co\/it\/wp-json\/wp\/v2\/posts"}],"about":[{"href":"https:\/\/www.visamundi.co\/it\/wp-json\/wp\/v2\/types\/post"}],"author":[{"embeddable":true,"href":"https:\/\/www.visamundi.co\/it\/wp-json\/wp\/v2\/users\/1"}],"replies":[{"embeddable":true,"href":"https:\/\/www.visamundi.co\/it\/wp-json\/wp\/v2\/comments?post=7021711"}],"version-history":[{"count":6,"href":"https:\/\/www.visamundi.co\/it\/wp-json\/wp\/v2\/posts\/7021711\/revisions"}],"predecessor-version":[{"id":7022272,"href":"https:\/\/www.visamundi.co\/it\/wp-json\/wp\/v2\/posts\/7021711\/revisions\/7022272"}],"wp:featuredmedia":[{"embeddable":true,"href":"https:\/\/www.visamundi.co\/it\/wp-json\/wp\/v2\/media\/7021712"}],"wp:attachment":[{"href":"https:\/\/www.visamundi.co\/it\/wp-json\/wp\/v2\/media?parent=7021711"}],"wp:term":[{"taxonomy":"category","embeddable":true,"href":"https:\/\/www.visamundi.co\/it\/wp-json\/wp\/v2\/categories?post=7021711"},{"taxonomy":"post_tag","embeddable":true,"href":"https:\/\/www.visamundi.co\/it\/wp-json\/wp\/v2\/tags?post=7021711"}],"curies":[{"name":"wp","href":"https:\/\/api.w.org\/{rel}","templated":true}]}}