{"id":8052,"date":"2022-10-01T08:30:34","date_gmt":"2022-10-01T06:30:34","guid":{"rendered":"https:\/\/www.visamundi.fr\/?p=8052"},"modified":"2025-09-04T17:17:37","modified_gmt":"2025-09-04T15:17:37","slug":"visamundi-incontra-olivia-gregoire","status":"publish","type":"post","link":"https:\/\/www.visamundi.co\/it\/blog\/visamundi-rencontre-olivia-gregoire\/","title":{"rendered":"Visamundi incontra Olivia Gr\u00e9goire, Ministro delegato al turismo"},"content":{"rendered":"<p>Dal 20 al 22 settembre si \u00e8 tenuta a Parigi Porte de Versailles una delle pi\u00f9 grandi fiere internazionali del turismo, IFTM Top Resa.<!--more--><\/p>\n<p>\u00c8 stata un'occasione per il nostro team, in qualit\u00e0 di espositori, di mostrare i colori dei nostri diversi servizi e di parlare con i professionisti del turismo.<\/p>\n<p><a href=\"https:\/\/www.visamundi.co\/it\/pro\/operatore-turistico\/\">Agenzie di viaggio, tour operator<\/a>, <a href=\"https:\/\/www.visamundi.co\/it\/pro\/aziende\/\">linee aeree<\/a>E non solo! Abbiamo anche avuto la grande opportunit\u00e0 di incontrare <strong>Olivia Gr\u00e9goire, Ministro delle Piccole e Medie Imprese, del Commercio, dell'Artigianato e del Turismo.<\/strong><\/p>\n<p>Un'interessante discussione sui viaggi dei viaggiatori e sulle loro esigenze <strong>questioni relative alle formalit\u00e0 amministrative e alle misure sanitarie<\/strong>\u00a0ma anche una conversazione sulle innovazioni nel settore del turismo e dell'ospitalit\u00e0.<\/p>\n<p>Un'occasione per l'Visamundi di mettere in luce le proprie competenze, utili a chiunque (di qualsiasi nazionalit\u00e0) debba recarsi in una delle nostre 40 destinazioni per turismo, affari, motivi religiosi, per una crociera o anche per il telelavoro!<\/p>\n<p>Grazie al team IFTM Top Resa per questa opportunit\u00e0 e grazie a Madame Gr\u00e9goire per averci ascoltato con attenzione! \ud83c\udf10<\/p>\n<div class=\"entry-content-asset\">\n<blockquote class=\"twitter-tweet\" data-width=\"550\" data-dnt=\"true\">\n<p lang=\"fr\" dir=\"ltr\">\u2702\ufe0f Sono lieto di inaugurare questa nuova edizione della mostra. <a href=\"https:\/\/twitter.com\/iftmparis?ref_src=twsrc%5Etfw\">@iftmparis<\/a> accanto all'industria del turismo.<\/p>\n<p>In un momento in cui il mondo si trova ad affrontare sfide immense, credo nell'innovazione e nell'evoluzione del turismo.<br \/>Una trasformazione che ritengo sostenibile, globale e umana. <a href=\"https:\/\/t.co\/pghKEhpDjc\">pic.twitter.com\/pghKEhpDjc<\/a><\/p>\n<p>- Olivia Gregoire (@oliviagregoire) <a href=\"https:\/\/twitter.com\/oliviagregoire\/status\/1572171278789890048?ref_src=twsrc%5Etfw\">20 settembre 2022<\/a><\/p><\/blockquote>\n<p><script async src=\"https:\/\/platform.twitter.com\/widgets.js\" charset=\"utf-8\"><\/script><\/div>","protected":false},"excerpt":{"rendered":"<p>Dal 20 al 22 settembre si \u00e8 tenuta a Parigi Porte de Versailles una delle pi\u00f9 grandi fiere internazionali del turismo, IFTM Top Resa.<\/p>","protected":false},"author":1,"featured_media":0,"comment_status":"closed","ping_status":"closed","sticky":false,"template":"","format":"standard","meta":{"_acf_changed":false,"_sitemap_exclude":false,"_sitemap_priority":"","_sitemap_frequency":"","footnotes":""},"categories":[35],"tags":[],"class_list":["post-8052","post","type-post","status-publish","format-standard","hentry","category-corporate"],"acf":[],"_links":{"self":[{"href":"https:\/\/www.visamundi.co\/it\/wp-json\/wp\/v2\/posts\/8052","targetHints":{"allow":["GET"]}}],"collection":[{"href":"https:\/\/www.visamundi.co\/it\/wp-json\/wp\/v2\/posts"}],"about":[{"href":"https:\/\/www.visamundi.co\/it\/wp-json\/wp\/v2\/types\/post"}],"author":[{"embeddable":true,"href":"https:\/\/www.visamundi.co\/it\/wp-json\/wp\/v2\/users\/1"}],"replies":[{"embeddable":true,"href":"https:\/\/www.visamundi.co\/it\/wp-json\/wp\/v2\/comments?post=8052"}],"version-history":[{"count":1,"href":"https:\/\/www.visamundi.co\/it\/wp-json\/wp\/v2\/posts\/8052\/revisions"}],"predecessor-version":[{"id":7021124,"href":"https:\/\/www.visamundi.co\/it\/wp-json\/wp\/v2\/posts\/8052\/revisions\/7021124"}],"wp:attachment":[{"href":"https:\/\/www.visamundi.co\/it\/wp-json\/wp\/v2\/media?parent=8052"}],"wp:term":[{"taxonomy":"category","embeddable":true,"href":"https:\/\/www.visamundi.co\/it\/wp-json\/wp\/v2\/categories?post=8052"},{"taxonomy":"post_tag","embeddable":true,"href":"https:\/\/www.visamundi.co\/it\/wp-json\/wp\/v2\/tags?post=8052"}],"curies":[{"name":"wp","href":"https:\/\/api.w.org\/{rel}","templated":true}]}}