{"id":8390,"date":"2022-11-07T08:00:23","date_gmt":"2022-11-07T07:00:23","guid":{"rendered":"https:\/\/www.visamundi.fr\/?p=8390"},"modified":"2022-11-07T08:00:23","modified_gmt":"2022-11-07T07:00:23","slug":"la-francia-vuole-visti-per-le-professioni-con-carenza-di-manodopera","status":"publish","type":"post","link":"https:\/\/www.visamundi.co\/it\/blog\/la-france-veut-un-visa-pour-les-professions-en-penurie-de-main-doeuvre\/","title":{"rendered":"La Francia vuole un visto per le professioni con carenza di manodopera"},"content":{"rendered":"<p>Il Ministro del Lavoro, <strong>Olivier Dussopt<\/strong>e il Ministro dell'Interno, <strong>G\u00e9rald Darmanin<\/strong>in un'intervista con <em><strong>Le Monde<\/strong><\/em> ha pubblicato mercoled\u00ec 2 novembre le linee guida per il disegno di legge sull'immigrazione, che sar\u00e0 esaminato dall'Assemblea nazionale all'inizio del 2023.<\/p>\n<p>Tra i punti discussi vi \u00e8 la creazione di un \"permesso di soggiorno\".<em><strong>posti di lavoro a corto di personale<\/strong><\/em>\"L'obiettivo del governo \u00e8 quello di rendere pi\u00f9 facile per i datori di lavoro l'assunzione e l'integrazione degli immigrati in Francia. In questo modo, il governo spera di ridurre le difficolt\u00e0 di assunzione dei datori di lavoro e di facilitare l'integrazione professionale degli immigrati in Francia.<\/p>\n<p>\" <em>La situazione attuale continua a destare preoccupazione: alla fine del primo trimestre, il tasso di disoccupazione era di 7,5% e quello degli immigrati di 13%.<\/em>sottolinea Olivier Dussopt. \" <em>Se il lavoro deve diventare un elemento di integrazione e di emancipazione, deve essere un'occasione per<\/em>. \"<\/p>\n<p>Il Ministro del Lavoro ha specificato che il permesso di soggiorno \"<em>posti di lavoro a corto di personale<\/em>Per questo motivo si raccomanda che lo schema dei \"nuovi posti di lavoro\" sia riservato ai settori con una forte carenza di manodopera, come l'edilizia.<\/p>\n<p>L'obiettivo di questa misura \u00e8 quello di prevenire l'attuale situazione dei lavoratori clandestini, offrendo loro opportunit\u00e0 e un contesto in cui lavorare. I datori di lavoro che si dedicano al lavoro illegale saranno particolarmente colpiti. Sar\u00e0 pi\u00f9 difficile per i datori di lavoro ricorrere al lavoro non autorizzato. Si prevede di aumentare le sanzioni amministrative, le multe fisse e le chiusure amministrative. I termini potrebbero essere ridotti anche per le sanzioni amministrative.<\/p>","protected":false},"excerpt":{"rendered":"<p>In un'intervista a Le Monde pubblicata mercoled\u00ec 2 novembre, il ministro del Lavoro, Olivier Dussopt, e il ministro dell'Interno, G\u00e9rald Darmanin, hanno esposto le linee guida del progetto di legge sull'immigrazione, che sar\u00e0 esaminato dall'Assemblea nazionale all'inizio del 2023. Tra i punti trattati, la creazione di un permesso di soggiorno per \"lavori richiesti\" ... <a title=\"La Francia vuole un visto per le professioni con carenza di manodopera\" class=\"read-more\" href=\"https:\/\/www.visamundi.co\/it\/blog\/la-france-veut-un-visa-pour-les-professions-en-penurie-de-main-doeuvre\/\" aria-label=\"Per saperne di pi\u00f9 su La Francia vuole un visto per le professioni con carenza di manodopera\">Leggi l'articolo<\/a><\/p>","protected":false},"author":1,"featured_media":0,"comment_status":"closed","ping_status":"closed","sticky":false,"template":"","format":"standard","meta":{"_acf_changed":false,"_sitemap_exclude":false,"_sitemap_priority":"","_sitemap_frequency":"","footnotes":""},"categories":[25],"tags":[47],"class_list":["post-8390","post","type-post","status-publish","format-standard","hentry","category-europe","tag-france"],"acf":[],"_links":{"self":[{"href":"https:\/\/www.visamundi.co\/it\/wp-json\/wp\/v2\/posts\/8390","targetHints":{"allow":["GET"]}}],"collection":[{"href":"https:\/\/www.visamundi.co\/it\/wp-json\/wp\/v2\/posts"}],"about":[{"href":"https:\/\/www.visamundi.co\/it\/wp-json\/wp\/v2\/types\/post"}],"author":[{"embeddable":true,"href":"https:\/\/www.visamundi.co\/it\/wp-json\/wp\/v2\/users\/1"}],"replies":[{"embeddable":true,"href":"https:\/\/www.visamundi.co\/it\/wp-json\/wp\/v2\/comments?post=8390"}],"version-history":[{"count":0,"href":"https:\/\/www.visamundi.co\/it\/wp-json\/wp\/v2\/posts\/8390\/revisions"}],"wp:attachment":[{"href":"https:\/\/www.visamundi.co\/it\/wp-json\/wp\/v2\/media?parent=8390"}],"wp:term":[{"taxonomy":"category","embeddable":true,"href":"https:\/\/www.visamundi.co\/it\/wp-json\/wp\/v2\/categories?post=8390"},{"taxonomy":"post_tag","embeddable":true,"href":"https:\/\/www.visamundi.co\/it\/wp-json\/wp\/v2\/tags?post=8390"}],"curies":[{"name":"wp","href":"https:\/\/api.w.org\/{rel}","templated":true}]}}